{"id":10906,"date":"2019-04-11T11:00:31","date_gmt":"2019-04-11T09:00:31","guid":{"rendered":"https:\/\/www.travelworks.de\/blog\/?p=10906"},"modified":"2025-09-15T15:17:25","modified_gmt":"2025-09-15T13:17:25","slug":"mircos-zeit-als-volontaer-in-costa-rica","status":"publish","type":"post","link":"https:\/\/www.travelworks.de\/blog\/mircos-zeit-als-volontaer-in-costa-rica.html","title":{"rendered":"Mircos Zeit als Volont\u00e4r in Costa Rica"},"content":{"rendered":"<p><em>Mirco hat sich 2018 f\u00fcr eines unserer <a href=\"https:\/\/www.travelworks.de\/freiwilligenarbeit\/stipendien.html\" target=\"_blank\" rel=\"noopener\">Freiwilligenarbeits-Stipendien<\/a> beworben. Seine Wahl fiel auf <a href=\"https:\/\/www.travelworks.de\/freiwilligenarbeit-costa-rica\/freiwilligendienst-costa-rica.html\" target=\"_blank\" rel=\"noopener\">Costa Rica<\/a>. Erfahrt hier, was er w\u00e4hrend seines Volontariats mit Spanisch Sprachkurs alles erlebt hat.\u00a0<\/em><\/p>\n<hr \/>\n<p>Costa Rica, das in Zentralamerika liegende Land, bietet vielseitige Natur und einzigartige Flora\u00a0und Tiere. Knapp fu\u0308nf Millionen Einwohner leben in dem Land, in dem man einen der vielen\u00a0Vulkane besteigen, durch Nationalparks wandern oder an einem atemberaubenden Strand\u00a0liegen kann, ohne gro\u00dfe Distanzen abspulen zu mu\u0308ssen.<\/p>\n<h3>Mircos Motivation<\/h3>\n<p>Im Sommer beendete ich mein Studium. Bevor es fu\u0308r mich in die gro\u00dfe Arbeitswelt geht,\u00a0wollte ich noch einmal neue Erfahrungen und Eindru\u0308cke sammeln. Insgesamt verblieb ich\u00a0sieben Wochen in Costa Rica, davon vier Wochen in San Jos\u00e9, um eine Sprachschule zu\u00a0besuchen und Spanisch als neue Fremdsprache zu lernen, und drei weitere Wochen\u00a0absolvierte ich <a href=\"https:\/\/www.travelworks.de\/freiwilligenarbeit.html\" target=\"_blank\" rel=\"noopener\">Freiwilligenarbeit<\/a>.<\/p>\n<p>Die Organisation k\u00f6nnte nicht besser gewesen sein, was mit dem Abholen vom Flughafen anfing und dem Arrangieren der Projekte weiterging.\u00a0W\u00e4hrend meiner Zeit in San Jos\u00e9 wohnte ich bei einer Gastfamilie, die sehr freundlich und\u00a0nett war, so wie alle \u201eTicos\u201c und \u201eTicas\u201c, die ich kennengelernt habe. Meine Gastmutter\u00a0bekochte mich mit sehr leckerem Essen und hat immer darauf geachtet, dass ich mich\u00a0wohl fu\u0308hle.<\/p>\n<p><a class=\"lightbox\" href=\"https:\/\/www.travelworks.de\/blog\/wp-content\/uploads\/2019\/03\/cr-fw-tw5077124-Strand-3.jpg\"><img loading=\"lazy\" decoding=\"async\" class=\"aligncenter size-full wp-image-10917\" src=\"https:\/\/www.travelworks.de\/blog\/wp-content\/uploads\/2019\/03\/cr-fw-tw5077124-Strand-3.jpg\" alt=\"\" width=\"750\" height=\"500\" srcset=\"https:\/\/www.travelworks.de\/blog\/wp-content\/uploads\/2019\/03\/cr-fw-tw5077124-Strand-3.jpg 750w, https:\/\/www.travelworks.de\/blog\/wp-content\/uploads\/2019\/03\/cr-fw-tw5077124-Strand-3-300x200.jpg 300w\" sizes=\"auto, (max-width: 750px) 100vw, 750px\" \/><\/a><\/p>\n<h3>Im Spanisch Sprachkurs<\/h3>\n<p>Die <a href=\"http:\/\/www.travelworks.de\/sprachreisen-costa-rica-sprachschule.html\" target=\"_blank\" rel=\"noopener\">Sprachschule in San Jos\u00e9<\/a> liegt sehr zentral. Von meiner Gastfamilie fuhr ein Bus direkt dorthin. Ich w\u00e4hlte die Variante, dass ich vier Tage \u00e1 fu\u0308nf Stunden Unterricht habe,\u00a0damit ich das verl\u00e4ngerte Wochenende nutzen konnte, um das wundervolle Land zu\u00a0erkunden. Die hilfsbereiten Mitarbeiter in der Sprachschule geben sehr gute Reisetipps und\u00a0helfen beim Buchen von Bustickets oder Mietwagen. Der sch\u00f6ne Hinterhof in der\u00a0Sprachschule, der mit Getr\u00e4nken ausgestattet ist, dient als Treffpunkt um neue Leute\u00a0kennenzulernen. Sie erwiesen sich als gute Reisebegleiter, denn in einer kleinen Gruppen macht es nochmal mehr Spa\u00df, das Land zu bereisen.<\/p>\n<p>Die Klassen wurden sehr klein\u00a0gehalten und es wurde darauf geachtet, dass alle auf dem gleichen Level sind. In der kurzen\u00a0Zeit des <a href=\"https:\/\/www.travelworks.de\/sprachreisen\/spanisch.html\" target=\"_blank\" rel=\"noopener\">Spanischkurses<\/a> lernte ich sehr viel. Die erlernten Kenntnisse konnte ich dann bei\u00a0meiner Gastfamilie und anschlie\u00dfend beim Projekt weiter vertiefen.<\/p>\n<p><a class=\"lightbox\" href=\"https:\/\/www.travelworks.de\/blog\/wp-content\/uploads\/2019\/03\/cr-fw-tw5077124-Naturschutz-UK.jpg\"><img loading=\"lazy\" decoding=\"async\" class=\"aligncenter size-full wp-image-10915\" src=\"https:\/\/www.travelworks.de\/blog\/wp-content\/uploads\/2019\/03\/cr-fw-tw5077124-Naturschutz-UK.jpg\" alt=\"\" width=\"750\" height=\"500\" srcset=\"https:\/\/www.travelworks.de\/blog\/wp-content\/uploads\/2019\/03\/cr-fw-tw5077124-Naturschutz-UK.jpg 750w, https:\/\/www.travelworks.de\/blog\/wp-content\/uploads\/2019\/03\/cr-fw-tw5077124-Naturschutz-UK-300x200.jpg 300w\" sizes=\"auto, (max-width: 750px) 100vw, 750px\" \/><\/a><\/p>\n<h3>Im Schildkr\u00f6tenprojekt<\/h3>\n<p>Nach vier Wochen in der Sprachschule ging es fu\u0308r mich nach Cameronal, wo ich auf einem <a href=\"https:\/\/www.travelworks.de\/freiwilligenarbeit-costa-rica\/freiwilligendienst-costa-rica.html\" target=\"_blank\" rel=\"noopener\">Schildkr\u00f6ten Schutzprojekt<\/a> untergekommen bin. Meine Morgenroutine beinhaltete das Freilassen von Babyschildkr\u00f6ten, was einen wunderbaren\u00a0Start in den Tag bietet. Dort habe ich erlebt, was Menschen unter Leidenschaft verstehen: \u00fcber mehrere Wochen nur wenige Stunden Schlaf pro Nacht und trotzdem wieder fru\u0308h\u00a0aufzustehen um den Sonnenaufgang zu beobachten und dabei die Baby Schildkr\u00f6ten freilassen, bevor die ersten Sonnenstrahlen auf den Strand treffen. Und trotzdem sich u\u0308ber jeden Moment am Tag enthusiastisch zu freuen!<\/p>\n<p>Daneben standen noch andere T\u00e4tigkeiten auf dem Programm, die zum Teil hart und in der prallen\u00a0Sonne sind. Die Aufgaben geben dir am Ende ein unglaubliches Gefu\u0308hl, da man diese fu\u0308r etwas\u00a0Gutes getan hat, wie zum Beispiel den Strand von Mu\u0308ll s\u00e4ubern. Andere Aufgaben waren\u00a0beispielsweise das Bestreichen einer Hu\u0308tte. Kein Tag war wie der andere und die Arbeit in einer kleinen Gruppen verging schnell und man hatte dabei Spa\u00df.<\/p>\n<p><a class=\"lightbox\" href=\"https:\/\/www.travelworks.de\/blog\/wp-content\/uploads\/2019\/03\/cr-gu-fw-tw1604477-Schildkri\u0302ten-Babys-freilassen-war-jedesmal-ein-Highlight.jpg\"><img loading=\"lazy\" decoding=\"async\" class=\"aligncenter size-full wp-image-10919\" src=\"https:\/\/www.travelworks.de\/blog\/wp-content\/uploads\/2019\/03\/cr-gu-fw-tw1604477-Schildkri\u0302ten-Babys-freilassen-war-jedesmal-ein-Highlight.jpg\" alt=\"\" width=\"750\" height=\"500\" srcset=\"https:\/\/www.travelworks.de\/blog\/wp-content\/uploads\/2019\/03\/cr-gu-fw-tw1604477-Schildkri\u0302ten-Babys-freilassen-war-jedesmal-ein-Highlight.jpg 750w, https:\/\/www.travelworks.de\/blog\/wp-content\/uploads\/2019\/03\/cr-gu-fw-tw1604477-Schildkri\u0302ten-Babys-freilassen-war-jedesmal-ein-Highlight-300x200.jpg 300w\" sizes=\"auto, (max-width: 750px) 100vw, 750px\" \/><\/a><\/p>\n<p>Gefreut hat man sich nach getaner Arbeit auch immer auf das leckere Essen, das von einer K\u00f6chin zubereitet\u00a0wurde. Zwar gab es fast zu jeder Mahlzeit Reis und Bohnen, was sehr typisch fu\u0308r Costa Rica ist, doch war das zus\u00e4tzliche Essen immer etwas Besonderes.<\/p>\n<h3>Mircos Fazit<\/h3>\n<p>Die 7 Wochen in <a href=\"https:\/\/www.travelworks.de\/auslandsaufenthalt-costa-rica.html\" target=\"_blank\" rel=\"noopener\">Costa Rica<\/a> waren eine unglaubliche Erfahrung, die ich jedem empfehlen\u00a0kann. Die Kombination aus Sprachschule und <a href=\"https:\/\/www.travelworks.de\/freiwilligenarbeit.html\" target=\"_blank\" rel=\"noopener\">Freiwilligenarbeit<\/a> ist gerade fu\u0308r Leute geeignet, deren <a href=\"https:\/\/www.travelworks.de\/sprachreisen\/spanisch.html\" target=\"_blank\" rel=\"noopener\">Spanischkenntnisse<\/a> noch nicht weit fortgeschritten sind, um das Land und die Leute\u00a0noch besser zu erleben. Es ist auf jeden Fall eine Reise, die man fu\u0308r immer in Erinnerung haben\u00a0wird und die das Leben pr\u00e4gt \u2013 Leben und Arbeiten mit Menschen mit einer anderen Kultur\u00a0er\u00f6ffnet den eigenen Horizont um ein Vielfaches.<\/p>\n<p><a class=\"lightbox\" href=\"https:\/\/www.travelworks.de\/blog\/wp-content\/uploads\/2019\/03\/cr-fw-tw5077124-Strand-2.jpg\"><img loading=\"lazy\" decoding=\"async\" class=\"aligncenter size-full wp-image-10916\" src=\"https:\/\/www.travelworks.de\/blog\/wp-content\/uploads\/2019\/03\/cr-fw-tw5077124-Strand-2.jpg\" alt=\"\" width=\"750\" height=\"500\" srcset=\"https:\/\/www.travelworks.de\/blog\/wp-content\/uploads\/2019\/03\/cr-fw-tw5077124-Strand-2.jpg 750w, https:\/\/www.travelworks.de\/blog\/wp-content\/uploads\/2019\/03\/cr-fw-tw5077124-Strand-2-300x200.jpg 300w\" sizes=\"auto, (max-width: 750px) 100vw, 750px\" \/><\/a><\/p>\n<hr \/>\n<p><em>Du m\u00f6chtest \u00e4hnliche Erfahrungen wie Mirco in einem Freiwilligenprojekt sammeln? Dann bewirb dich noch bis zum 15.05.2019 f\u00fcr eines unserer <a href=\"https:\/\/www.travelworks.de\/freiwilligenarbeit\/stipendien.html\" target=\"_blank\" rel=\"noopener\">Stipendien f\u00fcr Freiwilligenarbeit<\/a> 2019. In diesem Jahr hast du die Chance, in <a href=\"https:\/\/www.travelworks.de\/freiwilligenarbeit-australien.html\" target=\"_blank\" rel=\"noopener\">Australien<\/a>, <a href=\"https:\/\/www.travelworks.de\/freiwilligenarbeit-suedafrika\/forschungsprojekt-waterberg-suedafrika.html\" target=\"_blank\" rel=\"noopener\">S\u00fcdafrika<\/a> oder <a href=\"https:\/\/www.travelworks.de\/freiwilligenarbeit-thailand.html\" target=\"_blank\" rel=\"noopener\">Thailand<\/a> als Volont\u00e4r t\u00e4tig zu sein.\u00a0<\/em><\/p>\n","protected":false},"excerpt":{"rendered":"<p>Mirco hat sich 2018 f\u00fcr eines unserer Freiwilligenarbeits-Stipendien beworben. Seine Wahl fiel auf Costa Rica. Erfahrt hier, was er w\u00e4hrend seines Volontariats mit Spanisch Sprachkurs alles erlebt hat.\u00a0 Costa Rica, das in Zentralamerika liegende Land, bietet vielseitige Natur und einzigartige Flora\u00a0und Tiere. Knapp fu\u0308nf Millionen Einwohner leben in dem Land, in dem man einen der [&hellip;]<\/p>\n","protected":false},"author":14,"featured_media":10918,"comment_status":"open","ping_status":"open","sticky":false,"template":"","format":"standard","meta":{"footnotes":""},"categories":[1821,10],"tags":[340,24,514,1065,701,1571,1674],"class_list":["post-10906","post","type-post","status-publish","format-standard","has-post-thumbnail","hentry","category-freiwilligenarbeit","category-reiseberichte-suedamerika","tag-costa-rica","tag-freiwilligenarbeit","tag-naturschutz","tag-sprachunterricht","tag-stipendium","tag-umweltschutz","tag-volontaer"],"yoast_head":"<!-- This site is optimized with the Yoast SEO plugin v27.4 - https:\/\/yoast.com\/product\/yoast-seo-wordpress\/ -->\n<title>Mircos Zeit als Volont\u00e4r in Costa Rica - Entdecker Blog<\/title>\n<meta name=\"description\" content=\"Mirco war mit uns 2018 als Stipendiat f\u00fcr Freiwilligenarbeit in Costa Rica unterwegs. Erfahre hier, was er dabei alles erlebt hat.\" \/>\n<meta name=\"robots\" content=\"index, follow, max-snippet:-1, max-image-preview:large, max-video-preview:-1\" \/>\n<link rel=\"canonical\" href=\"https:\/\/www.travelworks.de\/blog\/mircos-zeit-als-volontaer-in-costa-rica.html\" \/>\n<meta property=\"og:locale\" content=\"de_DE\" \/>\n<meta property=\"og:type\" content=\"article\" \/>\n<meta property=\"og:title\" content=\"Mircos Zeit als Volont\u00e4r in Costa Rica - Entdecker Blog\" \/>\n<meta property=\"og:description\" content=\"Mirco war mit uns 2018 als Stipendiat f\u00fcr Freiwilligenarbeit in Costa Rica unterwegs. Erfahre hier, was er dabei alles erlebt hat.\" \/>\n<meta property=\"og:url\" content=\"https:\/\/www.travelworks.de\/blog\/mircos-zeit-als-volontaer-in-costa-rica.html\" \/>\n<meta property=\"og:site_name\" content=\"Entdecker Blog\" \/>\n<meta property=\"article:publisher\" content=\"https:\/\/de-de.facebook.com\/travelworks\" \/>\n<meta property=\"article:published_time\" content=\"2019-04-11T09:00:31+00:00\" \/>\n<meta property=\"article:modified_time\" content=\"2025-09-15T13:17:25+00:00\" \/>\n<meta property=\"og:image\" content=\"https:\/\/www.travelworks.de\/blog\/wp-content\/uploads\/2019\/03\/cr-fw-tw5077124-Strand.jpg\" \/>\n\t<meta property=\"og:image:width\" content=\"1500\" \/>\n\t<meta property=\"og:image:height\" content=\"500\" \/>\n\t<meta property=\"og:image:type\" content=\"image\/jpeg\" \/>\n<meta name=\"author\" content=\"Steffi Stadon\" \/>\n<meta name=\"twitter:label1\" content=\"Verfasst von\" \/>\n\t<meta name=\"twitter:data1\" content=\"Steffi Stadon\" \/>\n\t<meta name=\"twitter:label2\" content=\"Gesch\u00e4tzte Lesezeit\" \/>\n\t<meta name=\"twitter:data2\" content=\"5\u00a0Minuten\" \/>\n<script type=\"application\/ld+json\" class=\"yoast-schema-graph\">{\"@context\":\"https:\\\/\\\/schema.org\",\"@graph\":[{\"@type\":\"Article\",\"@id\":\"https:\\\/\\\/www.travelworks.de\\\/blog\\\/mircos-zeit-als-volontaer-in-costa-rica.html#article\",\"isPartOf\":{\"@id\":\"https:\\\/\\\/www.travelworks.de\\\/blog\\\/mircos-zeit-als-volontaer-in-costa-rica.html\"},\"author\":{\"name\":\"Steffi Stadon\",\"@id\":\"https:\\\/\\\/www.travelworks.de\\\/blog\\\/#\\\/schema\\\/person\\\/217a10613be5b617ec5929a9f1609526\"},\"headline\":\"Mircos Zeit als Volont\u00e4r in Costa Rica\",\"datePublished\":\"2019-04-11T09:00:31+00:00\",\"dateModified\":\"2025-09-15T13:17:25+00:00\",\"mainEntityOfPage\":{\"@id\":\"https:\\\/\\\/www.travelworks.de\\\/blog\\\/mircos-zeit-als-volontaer-in-costa-rica.html\"},\"wordCount\":716,\"commentCount\":0,\"publisher\":{\"@id\":\"https:\\\/\\\/www.travelworks.de\\\/blog\\\/#organization\"},\"image\":{\"@id\":\"https:\\\/\\\/www.travelworks.de\\\/blog\\\/mircos-zeit-als-volontaer-in-costa-rica.html#primaryimage\"},\"thumbnailUrl\":\"https:\\\/\\\/www.travelworks.de\\\/blog\\\/wp-content\\\/uploads\\\/2019\\\/03\\\/cr-fw-tw5077124-Strand.jpg\",\"keywords\":[\"Costa Rica\",\"Freiwilligenarbeit\",\"Naturschutz\",\"Sprachunterricht\",\"Stipendium\",\"Umweltschutz\",\"Volont\u00e4r\"],\"articleSection\":[\"Freiwilligenarbeit\",\"S\u00fcdamerika\"],\"inLanguage\":\"de\",\"potentialAction\":[{\"@type\":\"CommentAction\",\"name\":\"Comment\",\"target\":[\"https:\\\/\\\/www.travelworks.de\\\/blog\\\/mircos-zeit-als-volontaer-in-costa-rica.html#respond\"]}]},{\"@type\":\"WebPage\",\"@id\":\"https:\\\/\\\/www.travelworks.de\\\/blog\\\/mircos-zeit-als-volontaer-in-costa-rica.html\",\"url\":\"https:\\\/\\\/www.travelworks.de\\\/blog\\\/mircos-zeit-als-volontaer-in-costa-rica.html\",\"name\":\"Mircos Zeit als Volont\u00e4r in Costa Rica - Entdecker Blog\",\"isPartOf\":{\"@id\":\"https:\\\/\\\/www.travelworks.de\\\/blog\\\/#website\"},\"primaryImageOfPage\":{\"@id\":\"https:\\\/\\\/www.travelworks.de\\\/blog\\\/mircos-zeit-als-volontaer-in-costa-rica.html#primaryimage\"},\"image\":{\"@id\":\"https:\\\/\\\/www.travelworks.de\\\/blog\\\/mircos-zeit-als-volontaer-in-costa-rica.html#primaryimage\"},\"thumbnailUrl\":\"https:\\\/\\\/www.travelworks.de\\\/blog\\\/wp-content\\\/uploads\\\/2019\\\/03\\\/cr-fw-tw5077124-Strand.jpg\",\"datePublished\":\"2019-04-11T09:00:31+00:00\",\"dateModified\":\"2025-09-15T13:17:25+00:00\",\"description\":\"Mirco war mit uns 2018 als Stipendiat f\u00fcr Freiwilligenarbeit in Costa Rica unterwegs. Erfahre hier, was er dabei alles erlebt hat.\",\"breadcrumb\":{\"@id\":\"https:\\\/\\\/www.travelworks.de\\\/blog\\\/mircos-zeit-als-volontaer-in-costa-rica.html#breadcrumb\"},\"inLanguage\":\"de\",\"potentialAction\":[{\"@type\":\"ReadAction\",\"target\":[\"https:\\\/\\\/www.travelworks.de\\\/blog\\\/mircos-zeit-als-volontaer-in-costa-rica.html\"]}]},{\"@type\":\"ImageObject\",\"inLanguage\":\"de\",\"@id\":\"https:\\\/\\\/www.travelworks.de\\\/blog\\\/mircos-zeit-als-volontaer-in-costa-rica.html#primaryimage\",\"url\":\"https:\\\/\\\/www.travelworks.de\\\/blog\\\/wp-content\\\/uploads\\\/2019\\\/03\\\/cr-fw-tw5077124-Strand.jpg\",\"contentUrl\":\"https:\\\/\\\/www.travelworks.de\\\/blog\\\/wp-content\\\/uploads\\\/2019\\\/03\\\/cr-fw-tw5077124-Strand.jpg\",\"width\":1500,\"height\":500},{\"@type\":\"BreadcrumbList\",\"@id\":\"https:\\\/\\\/www.travelworks.de\\\/blog\\\/mircos-zeit-als-volontaer-in-costa-rica.html#breadcrumb\",\"itemListElement\":[{\"@type\":\"ListItem\",\"position\":1,\"name\":\"Start\",\"item\":\"https:\\\/\\\/www.travelworks.de\\\/blog\\\/\"},{\"@type\":\"ListItem\",\"position\":2,\"name\":\"S\u00fcdamerika\",\"item\":\"https:\\\/\\\/www.travelworks.de\\\/blog\\\/reiseberichte-suedamerika\"},{\"@type\":\"ListItem\",\"position\":3,\"name\":\"Mircos Zeit als Volont\u00e4r in Costa Rica\"}]},{\"@type\":\"WebSite\",\"@id\":\"https:\\\/\\\/www.travelworks.de\\\/blog\\\/#website\",\"url\":\"https:\\\/\\\/www.travelworks.de\\\/blog\\\/\",\"name\":\"Entdecker Blog\",\"description\":\"by TravelWorks\",\"publisher\":{\"@id\":\"https:\\\/\\\/www.travelworks.de\\\/blog\\\/#organization\"},\"potentialAction\":[{\"@type\":\"SearchAction\",\"target\":{\"@type\":\"EntryPoint\",\"urlTemplate\":\"https:\\\/\\\/www.travelworks.de\\\/blog\\\/?s={search_term_string}\"},\"query-input\":{\"@type\":\"PropertyValueSpecification\",\"valueRequired\":true,\"valueName\":\"search_term_string\"}}],\"inLanguage\":\"de\"},{\"@type\":\"Organization\",\"@id\":\"https:\\\/\\\/www.travelworks.de\\\/blog\\\/#organization\",\"name\":\"Travelplus Group GmbH\",\"url\":\"https:\\\/\\\/www.travelworks.de\\\/blog\\\/\",\"logo\":{\"@type\":\"ImageObject\",\"inLanguage\":\"de\",\"@id\":\"https:\\\/\\\/www.travelworks.de\\\/blog\\\/#\\\/schema\\\/logo\\\/image\\\/\",\"url\":\"https:\\\/\\\/www.travelworks.de\\\/blog\\\/wp-content\\\/uploads\\\/2023\\\/02\\\/TravelWorks-Logo-farbig_pfad_0-20-100-0.png\",\"contentUrl\":\"https:\\\/\\\/www.travelworks.de\\\/blog\\\/wp-content\\\/uploads\\\/2023\\\/02\\\/TravelWorks-Logo-farbig_pfad_0-20-100-0.png\",\"width\":6503,\"height\":1090,\"caption\":\"Travelplus Group GmbH\"},\"image\":{\"@id\":\"https:\\\/\\\/www.travelworks.de\\\/blog\\\/#\\\/schema\\\/logo\\\/image\\\/\"},\"sameAs\":[\"https:\\\/\\\/de-de.facebook.com\\\/travelworks\"]},{\"@type\":\"Person\",\"@id\":\"https:\\\/\\\/www.travelworks.de\\\/blog\\\/#\\\/schema\\\/person\\\/217a10613be5b617ec5929a9f1609526\",\"name\":\"Steffi Stadon\",\"description\":\"Steffi ist als Redakteurin bei TravelWorks unterwegs. Als Backpacker in Australien\u00a0hat sie in doppelter Hinsicht Feuer gefangen - nicht nur f\u00fcr die Landschaft sondern auch f\u00fcr einen Aussie. Gemeinsam pendeln sie zwischen Europa und Ozeanien\u00a0hin und her. Der Rest der Welt kommt aber nicht zu kurz f\u00fcr Entdeckungen. \u00dcber den gro\u00dfen Teich soll es als n\u00e4chstes gehen.\",\"sameAs\":[\"https:\\\/\\\/www.travelworks.de\\\/blog\"],\"url\":\"https:\\\/\\\/www.travelworks.de\\\/blog\\\/author\\\/steffi\"}]}<\/script>\n<!-- \/ Yoast SEO plugin. -->","yoast_head_json":{"title":"Mircos Zeit als Volont\u00e4r in Costa Rica - Entdecker Blog","description":"Mirco war mit uns 2018 als Stipendiat f\u00fcr Freiwilligenarbeit in Costa Rica unterwegs. Erfahre hier, was er dabei alles erlebt hat.","robots":{"index":"index","follow":"follow","max-snippet":"max-snippet:-1","max-image-preview":"max-image-preview:large","max-video-preview":"max-video-preview:-1"},"canonical":"https:\/\/www.travelworks.de\/blog\/mircos-zeit-als-volontaer-in-costa-rica.html","og_locale":"de_DE","og_type":"article","og_title":"Mircos Zeit als Volont\u00e4r in Costa Rica - Entdecker Blog","og_description":"Mirco war mit uns 2018 als Stipendiat f\u00fcr Freiwilligenarbeit in Costa Rica unterwegs. Erfahre hier, was er dabei alles erlebt hat.","og_url":"https:\/\/www.travelworks.de\/blog\/mircos-zeit-als-volontaer-in-costa-rica.html","og_site_name":"Entdecker Blog","article_publisher":"https:\/\/de-de.facebook.com\/travelworks","article_published_time":"2019-04-11T09:00:31+00:00","article_modified_time":"2025-09-15T13:17:25+00:00","og_image":[{"width":1500,"height":500,"url":"https:\/\/www.travelworks.de\/blog\/wp-content\/uploads\/2019\/03\/cr-fw-tw5077124-Strand.jpg","type":"image\/jpeg"}],"author":"Steffi Stadon","twitter_misc":{"Verfasst von":"Steffi Stadon","Gesch\u00e4tzte Lesezeit":"5\u00a0Minuten"},"schema":{"@context":"https:\/\/schema.org","@graph":[{"@type":"Article","@id":"https:\/\/www.travelworks.de\/blog\/mircos-zeit-als-volontaer-in-costa-rica.html#article","isPartOf":{"@id":"https:\/\/www.travelworks.de\/blog\/mircos-zeit-als-volontaer-in-costa-rica.html"},"author":{"name":"Steffi Stadon","@id":"https:\/\/www.travelworks.de\/blog\/#\/schema\/person\/217a10613be5b617ec5929a9f1609526"},"headline":"Mircos Zeit als Volont\u00e4r in Costa Rica","datePublished":"2019-04-11T09:00:31+00:00","dateModified":"2025-09-15T13:17:25+00:00","mainEntityOfPage":{"@id":"https:\/\/www.travelworks.de\/blog\/mircos-zeit-als-volontaer-in-costa-rica.html"},"wordCount":716,"commentCount":0,"publisher":{"@id":"https:\/\/www.travelworks.de\/blog\/#organization"},"image":{"@id":"https:\/\/www.travelworks.de\/blog\/mircos-zeit-als-volontaer-in-costa-rica.html#primaryimage"},"thumbnailUrl":"https:\/\/www.travelworks.de\/blog\/wp-content\/uploads\/2019\/03\/cr-fw-tw5077124-Strand.jpg","keywords":["Costa Rica","Freiwilligenarbeit","Naturschutz","Sprachunterricht","Stipendium","Umweltschutz","Volont\u00e4r"],"articleSection":["Freiwilligenarbeit","S\u00fcdamerika"],"inLanguage":"de","potentialAction":[{"@type":"CommentAction","name":"Comment","target":["https:\/\/www.travelworks.de\/blog\/mircos-zeit-als-volontaer-in-costa-rica.html#respond"]}]},{"@type":"WebPage","@id":"https:\/\/www.travelworks.de\/blog\/mircos-zeit-als-volontaer-in-costa-rica.html","url":"https:\/\/www.travelworks.de\/blog\/mircos-zeit-als-volontaer-in-costa-rica.html","name":"Mircos Zeit als Volont\u00e4r in Costa Rica - Entdecker Blog","isPartOf":{"@id":"https:\/\/www.travelworks.de\/blog\/#website"},"primaryImageOfPage":{"@id":"https:\/\/www.travelworks.de\/blog\/mircos-zeit-als-volontaer-in-costa-rica.html#primaryimage"},"image":{"@id":"https:\/\/www.travelworks.de\/blog\/mircos-zeit-als-volontaer-in-costa-rica.html#primaryimage"},"thumbnailUrl":"https:\/\/www.travelworks.de\/blog\/wp-content\/uploads\/2019\/03\/cr-fw-tw5077124-Strand.jpg","datePublished":"2019-04-11T09:00:31+00:00","dateModified":"2025-09-15T13:17:25+00:00","description":"Mirco war mit uns 2018 als Stipendiat f\u00fcr Freiwilligenarbeit in Costa Rica unterwegs. Erfahre hier, was er dabei alles erlebt hat.","breadcrumb":{"@id":"https:\/\/www.travelworks.de\/blog\/mircos-zeit-als-volontaer-in-costa-rica.html#breadcrumb"},"inLanguage":"de","potentialAction":[{"@type":"ReadAction","target":["https:\/\/www.travelworks.de\/blog\/mircos-zeit-als-volontaer-in-costa-rica.html"]}]},{"@type":"ImageObject","inLanguage":"de","@id":"https:\/\/www.travelworks.de\/blog\/mircos-zeit-als-volontaer-in-costa-rica.html#primaryimage","url":"https:\/\/www.travelworks.de\/blog\/wp-content\/uploads\/2019\/03\/cr-fw-tw5077124-Strand.jpg","contentUrl":"https:\/\/www.travelworks.de\/blog\/wp-content\/uploads\/2019\/03\/cr-fw-tw5077124-Strand.jpg","width":1500,"height":500},{"@type":"BreadcrumbList","@id":"https:\/\/www.travelworks.de\/blog\/mircos-zeit-als-volontaer-in-costa-rica.html#breadcrumb","itemListElement":[{"@type":"ListItem","position":1,"name":"Start","item":"https:\/\/www.travelworks.de\/blog\/"},{"@type":"ListItem","position":2,"name":"S\u00fcdamerika","item":"https:\/\/www.travelworks.de\/blog\/reiseberichte-suedamerika"},{"@type":"ListItem","position":3,"name":"Mircos Zeit als Volont\u00e4r in Costa Rica"}]},{"@type":"WebSite","@id":"https:\/\/www.travelworks.de\/blog\/#website","url":"https:\/\/www.travelworks.de\/blog\/","name":"Entdecker Blog","description":"by TravelWorks","publisher":{"@id":"https:\/\/www.travelworks.de\/blog\/#organization"},"potentialAction":[{"@type":"SearchAction","target":{"@type":"EntryPoint","urlTemplate":"https:\/\/www.travelworks.de\/blog\/?s={search_term_string}"},"query-input":{"@type":"PropertyValueSpecification","valueRequired":true,"valueName":"search_term_string"}}],"inLanguage":"de"},{"@type":"Organization","@id":"https:\/\/www.travelworks.de\/blog\/#organization","name":"Travelplus Group GmbH","url":"https:\/\/www.travelworks.de\/blog\/","logo":{"@type":"ImageObject","inLanguage":"de","@id":"https:\/\/www.travelworks.de\/blog\/#\/schema\/logo\/image\/","url":"https:\/\/www.travelworks.de\/blog\/wp-content\/uploads\/2023\/02\/TravelWorks-Logo-farbig_pfad_0-20-100-0.png","contentUrl":"https:\/\/www.travelworks.de\/blog\/wp-content\/uploads\/2023\/02\/TravelWorks-Logo-farbig_pfad_0-20-100-0.png","width":6503,"height":1090,"caption":"Travelplus Group GmbH"},"image":{"@id":"https:\/\/www.travelworks.de\/blog\/#\/schema\/logo\/image\/"},"sameAs":["https:\/\/de-de.facebook.com\/travelworks"]},{"@type":"Person","@id":"https:\/\/www.travelworks.de\/blog\/#\/schema\/person\/217a10613be5b617ec5929a9f1609526","name":"Steffi Stadon","description":"Steffi ist als Redakteurin bei TravelWorks unterwegs. Als Backpacker in Australien\u00a0hat sie in doppelter Hinsicht Feuer gefangen - nicht nur f\u00fcr die Landschaft sondern auch f\u00fcr einen Aussie. Gemeinsam pendeln sie zwischen Europa und Ozeanien\u00a0hin und her. Der Rest der Welt kommt aber nicht zu kurz f\u00fcr Entdeckungen. \u00dcber den gro\u00dfen Teich soll es als n\u00e4chstes gehen.","sameAs":["https:\/\/www.travelworks.de\/blog"],"url":"https:\/\/www.travelworks.de\/blog\/author\/steffi"}]}},"_links":{"self":[{"href":"https:\/\/www.travelworks.de\/blog\/wp-json\/wp\/v2\/posts\/10906","targetHints":{"allow":["GET"]}}],"collection":[{"href":"https:\/\/www.travelworks.de\/blog\/wp-json\/wp\/v2\/posts"}],"about":[{"href":"https:\/\/www.travelworks.de\/blog\/wp-json\/wp\/v2\/types\/post"}],"author":[{"embeddable":true,"href":"https:\/\/www.travelworks.de\/blog\/wp-json\/wp\/v2\/users\/14"}],"replies":[{"embeddable":true,"href":"https:\/\/www.travelworks.de\/blog\/wp-json\/wp\/v2\/comments?post=10906"}],"version-history":[{"count":9,"href":"https:\/\/www.travelworks.de\/blog\/wp-json\/wp\/v2\/posts\/10906\/revisions"}],"predecessor-version":[{"id":14240,"href":"https:\/\/www.travelworks.de\/blog\/wp-json\/wp\/v2\/posts\/10906\/revisions\/14240"}],"wp:featuredmedia":[{"embeddable":true,"href":"https:\/\/www.travelworks.de\/blog\/wp-json\/wp\/v2\/media\/10918"}],"wp:attachment":[{"href":"https:\/\/www.travelworks.de\/blog\/wp-json\/wp\/v2\/media?parent=10906"}],"wp:term":[{"taxonomy":"category","embeddable":true,"href":"https:\/\/www.travelworks.de\/blog\/wp-json\/wp\/v2\/categories?post=10906"},{"taxonomy":"post_tag","embeddable":true,"href":"https:\/\/www.travelworks.de\/blog\/wp-json\/wp\/v2\/tags?post=10906"}],"curies":[{"name":"wp","href":"https:\/\/api.w.org\/{rel}","templated":true}]}}