{"id":12802,"date":"2022-03-17T11:00:00","date_gmt":"2022-03-17T10:00:00","guid":{"rendered":"https:\/\/www.travelworks.de\/blog\/?p=12802"},"modified":"2025-09-15T14:52:16","modified_gmt":"2025-09-15T12:52:16","slug":"sarahs-sprachreise-nach-cdiz-part-2","status":"publish","type":"post","link":"https:\/\/www.travelworks.de\/blog\/sarahs-sprachreise-nach-cdiz-part-2.html","title":{"rendered":"Sarahs Sprachreise nach C\u00e1diz (Part 2)"},"content":{"rendered":"<p><em>Sarah ist mit TravelWorks f\u00fcr zwei Wochen nach C\u00e1diz an die spanische Atlantikk\u00fcste gereist und hat dort an einem ganz besonderen Sprachkurs teilgenommen: Spanisch &amp; Kochen. <a href=\"https:\/\/www.travelworks.de\/blog\/sarahs-sprachreise-nach-cdiz-part-1.html\">Hier<\/a> geht es zu unserem letzten Blogartikel, wo sie uns bereits von ihrer ersten Woche in Spanien erz\u00e4hlt hat.<\/em><\/p>\n\n\n<hr class=\"wp-block-separator has-css-opacity\"\/>\n\n\n\n<h2 class=\"wp-block-heading\">Tag 8<\/h2>\n\n\n<p>Heute war hier Feiertag \u201eLunes de Carnaval\u201c, also analog zu dem Rosenmontag in Deutschland. Mit dem kleinen aber feinen Unterschied, dass hier niemand arbeiten muss und sich alle auf dem Karneval austoben k\u00f6nnen. Aus diesem Grund fand heute weder Spanisch- noch Kochunterricht statt. Da ich die Tage zuvor bereits auf Karnevals-Veranstaltungen war, habe ich den Tag etwas ruhiger angehen lassen. Ich habe erst einmal ausgeschlafen und bin dann gegen 12 Uhr fr\u00fchst\u00fccken gegangen. Daf\u00fcr habe ich ein sch\u00f6nes Restaurant direkt vor meiner Haust\u00fcr am Strand ausgew\u00e4hlt \u2013 wie sch\u00f6n es doch im Urlaub ist &#x1f60a;.<\/p>\n<p>Sp\u00e4ter habe ich mich noch mit meiner schwedischen Freundin getroffen, um ein paar Sehensw\u00fcrdigkeiten in der Stadt anzusehen. Unter anderem haben wir uns den \u201eTorre Tavira\u201c angesehen. Da dieser im Herzen der Altstadt liegt, mussten wir uns nat\u00fcrlich erstmal durch die ganzen Menschenmassen k\u00e4mpfen. Immerhin war heute in dem Turm nicht so viel los, sodass wir diesen problemlos genie\u00dfen und ein paar sch\u00f6ne Bilder schie\u00dfen konnten.<\/p>\n<p>Der Torre Tavira ist ein Aussichtsturm sowie einer Kamera \u201eObscura\u201c. Eine Kamera Obscura ist ein dunkler Raum mit einem Loch in der Wand, die als Metapher f\u00fcr die menschliche Wahrnehmung und f\u00fcr die Herstellung von Bildern verwendet wird. Anhand eines Spiegels wurden Bilder von dem Geschehen drau\u00dfen auf einen wei\u00dfen Kreis inmitten des schwarzen Raumes projiziert. Das war nat\u00fcrlich sehr lustig, wenn man bedenkt, dass drau\u00dfen aufgrund des Karnevals gerade der B\u00e4r gesteppt hat.<\/p>\n<p>Nach der Besichtigung des Turms haben wir noch den Park \u201eJardines de Alameda Apodaca\u201c besichtigt, welcher auch sehr empfehlenswert ist. Ich k\u00f6nnte mir sehr gut vorstellen, dass es in diesem Park zum Sonnenaufgang sehr sch\u00f6n ist. Vielleicht schaffe ich es ja die Tage mal noch fr\u00fcher aufzustehen. &#x1f60a;&nbsp; Im Anschluss daran haben wir uns noch in eine Strandbar entlang der K\u00fcste des \u201eSanta Maria del Mar\u201c Strandes gesetzt. Dort haben wir uns einen Tinto de Verano (Rotwein mit s\u00fc\u00dfem Sprudel) sowie Tapas geg\u00f6nnt. Was f\u00fcr ein entspannter Feiertag! &#x1f60a;<\/p>\n\n\n<figure class=\"wp-block-image size-large\"><img loading=\"lazy\" decoding=\"async\" width=\"1024\" height=\"768\" src=\"https:\/\/www.travelworks.de\/blog\/wp-content\/uploads\/2022\/03\/sp-tw1671254-Span.-for-Foodies-Tag-8-21-min-1024x768.jpg\" alt=\"Baum am Strand\" class=\"wp-image-12842\" srcset=\"https:\/\/www.travelworks.de\/blog\/wp-content\/uploads\/2022\/03\/sp-tw1671254-Span.-for-Foodies-Tag-8-21-min-1024x768.jpg 1024w, https:\/\/www.travelworks.de\/blog\/wp-content\/uploads\/2022\/03\/sp-tw1671254-Span.-for-Foodies-Tag-8-21-min-300x225.jpg 300w, https:\/\/www.travelworks.de\/blog\/wp-content\/uploads\/2022\/03\/sp-tw1671254-Span.-for-Foodies-Tag-8-21-min-768x576.jpg 768w, https:\/\/www.travelworks.de\/blog\/wp-content\/uploads\/2022\/03\/sp-tw1671254-Span.-for-Foodies-Tag-8-21-min-1536x1152.jpg 1536w, https:\/\/www.travelworks.de\/blog\/wp-content\/uploads\/2022\/03\/sp-tw1671254-Span.-for-Foodies-Tag-8-21-min-2048x1536.jpg 2048w, https:\/\/www.travelworks.de\/blog\/wp-content\/uploads\/2022\/03\/sp-tw1671254-Span.-for-Foodies-Tag-8-21-min-1200x900.jpg 1200w, https:\/\/www.travelworks.de\/blog\/wp-content\/uploads\/2022\/03\/sp-tw1671254-Span.-for-Foodies-Tag-8-21-min-1980x1485.jpg 1980w\" sizes=\"auto, (max-width: 1024px) 100vw, 1024px\" \/><\/figure>\n\n\n\n<h2 class=\"wp-block-heading\">Tag 9<\/h2>\n\n\n<p>Heute war f\u00fcr diese Woche wieder der erste Schultag und somit hatten wir auch neue Gesichter im Spanischunterricht. Neben der Schwedin und dem Amerikaner bereichern nun auch zwei weitere deutsche Frauen unseren Unterricht. Au\u00dferdem haben wir f\u00fcr diese Woche eine neue Spanischlehrerin zugeteilt bekommen: Paki. Sie ist auch sehr nett, motiviert und steckt mit ihrer guten Laune definitiv an. Diese Wochen behandeln wir u.a. das Thema \u201eVerbos de Cambio\u201c, was ich in dieser Tiefe noch nie hatte. Pers\u00f6nlich finde ich das Thema aber sehr gut, da ich den Eindruck habe, dass es einen in der sprachlichen Entwicklung sehr weiterbringt.<\/p>\n<p>Im Kochkurs im Anschluss haben wir heute \u201eTortilla con Carmarones\u201c (eine Art Kartoffelr\u00f6sti mit Mini-Garnelen) sowie \u201ePapa con Choco\u201c (Tintenfisch und Kartoffeln) gemacht. Essenstechnisch war das nicht mein Lieblingstag, da ich keine Meeresfr\u00fcchte esse. Au\u00dferdem w\u00e4re der heutige Tag nichts f\u00fcr \u00fcberzeugte Vegetarier gewesen. Wir haben die Mini-Garnelen lebend gekocht, d.h. davor konnte ich den Tierchen noch beim rumspringen in der Sch\u00fcssel zusehen &#x2639;. Aber ich m\u00f6chte hier nun definitiv keine ethische Diskussion lossto\u00dfen. Nach dem Essen fand heute noch eine Weinprobe auf der Terrasse der Sprachschule statt. Das hat das Essen definitiv kompensiert. Wir durften vier verschiedene Weine probieren: einen Rotwein (trocken), 2 Weine \u201esemidulce\u201c (halbtrocken) und eine Flasche Manzanilla. Da ich s\u00fc\u00dflichen Wein sehr mag, mochte ich den \u201eTierra Blanca\u201c und den \u201ePenascal Rosado\u201c besonders gerne. Wie es mit dem Wein nunmal so ist, hat er uns einige lustige Gespr\u00e4che sowie einen Sonnenbrand auf der Dachterrasse beschert :D.<\/p>\n<p>Um ca. 18:30 Uhr haben wir uns entschlossen, den Heimweg anzutreten. Spontan hatte ich mich dann jedoch dazu entschlossen, den Sonnenuntergang an der Promenade anzusehen. Hier habe ich durch Zufall noch eine kleine Gruppe kennengelernt. Mit denen bin ich sp\u00e4ter noch spontan auf eines der Konzerte in der Stadt gegangen (hier sind in der Karnevalswoche jeden Tag Konzerte). Nach einem lustigen Tag und vielen tollen Gespr\u00e4chen bin ich gegen 23 Uhr in meine Wohnung und ins Bett gegangen. &#x1f60a;<\/p>\n\n\n<figure class=\"wp-block-image size-large\"><img loading=\"lazy\" decoding=\"async\" width=\"1024\" height=\"768\" src=\"https:\/\/www.travelworks.de\/blog\/wp-content\/uploads\/2022\/03\/sp-tw1671254-Span.-for-Foodies-Tag-9-23-1024x768.jpg\" alt=\"Wein trinken auf der Dachterrasse\" class=\"wp-image-12848\" srcset=\"https:\/\/www.travelworks.de\/blog\/wp-content\/uploads\/2022\/03\/sp-tw1671254-Span.-for-Foodies-Tag-9-23-1024x768.jpg 1024w, https:\/\/www.travelworks.de\/blog\/wp-content\/uploads\/2022\/03\/sp-tw1671254-Span.-for-Foodies-Tag-9-23-300x225.jpg 300w, https:\/\/www.travelworks.de\/blog\/wp-content\/uploads\/2022\/03\/sp-tw1671254-Span.-for-Foodies-Tag-9-23-768x576.jpg 768w, https:\/\/www.travelworks.de\/blog\/wp-content\/uploads\/2022\/03\/sp-tw1671254-Span.-for-Foodies-Tag-9-23-1536x1152.jpg 1536w, https:\/\/www.travelworks.de\/blog\/wp-content\/uploads\/2022\/03\/sp-tw1671254-Span.-for-Foodies-Tag-9-23-1200x900.jpg 1200w, https:\/\/www.travelworks.de\/blog\/wp-content\/uploads\/2022\/03\/sp-tw1671254-Span.-for-Foodies-Tag-9-23.jpg 1600w\" sizes=\"auto, (max-width: 1024px) 100vw, 1024px\" \/><\/figure>\n\n\n\n<h2 class=\"wp-block-heading\">Tag 10<\/h2>\n\n\n<p>Nachdem ich heute etwas verschlafen habe, habe ich es gerade noch rechtzeitig in den Unterricht geschafft. Nat\u00fcrlich hatte ich dennoch Zeit, mir mein typisches Fr\u00fchst\u00fcck auf dem Weg in die Schule zu holen: \u201ePan con Tomate\u201c &#x1f60a;.<\/p>\n<p>Heute war einer meiner Lieblingstage was das Kochen angeht. Wir haben Gazpacho (kalte Tomatensuppe) und Salmorejo (Tomatencreme mit Brot und Speck) gekocht. Au\u00dferdem gab es \u201eMigas\u201c (angebratener Grie\u00df mit Knoblauch) mit gegrillter Chorizo und Paprika. Bei letzterem Gericht hat sich sogar der Chef der Sprachschule pers\u00f6nlich die Zeit genommen, um uns dieses Gericht beizubringen und mit uns zu genie\u00dfen. Auch die Gazpacho (trinkt man \u00fcbrigens aus dem Glas) und die Salmorejo haben wirklich genial geschmeckt. Das lag sicherlich auch an den frischen Tomaten und Gurken. Ich hoffe sehr, dass diese beiden Gerichte in Deutschland genau so gut schmecken werden (wenn auch erst im Sommer). Nach dem Essen habe ich die Sonne am Strand \u201ePlaya de Santa Maria del Mar\u201c (der Strand direkt vor meiner Haust\u00fcr) genossen und dabei ein Buch gelesen.<\/p>\n\n\n<figure class=\"wp-block-image size-large\"><img loading=\"lazy\" decoding=\"async\" width=\"1024\" height=\"741\" src=\"https:\/\/www.travelworks.de\/blog\/wp-content\/uploads\/2022\/03\/sp-tw1671254-Span.-for-Foodies-Tag-10-5-1024x741.jpg\" alt=\"Gazpacho kochen\" class=\"wp-image-12844\" srcset=\"https:\/\/www.travelworks.de\/blog\/wp-content\/uploads\/2022\/03\/sp-tw1671254-Span.-for-Foodies-Tag-10-5-1024x741.jpg 1024w, https:\/\/www.travelworks.de\/blog\/wp-content\/uploads\/2022\/03\/sp-tw1671254-Span.-for-Foodies-Tag-10-5-300x217.jpg 300w, https:\/\/www.travelworks.de\/blog\/wp-content\/uploads\/2022\/03\/sp-tw1671254-Span.-for-Foodies-Tag-10-5-768x556.jpg 768w, https:\/\/www.travelworks.de\/blog\/wp-content\/uploads\/2022\/03\/sp-tw1671254-Span.-for-Foodies-Tag-10-5-1536x1112.jpg 1536w, https:\/\/www.travelworks.de\/blog\/wp-content\/uploads\/2022\/03\/sp-tw1671254-Span.-for-Foodies-Tag-10-5-2048x1483.jpg 2048w, https:\/\/www.travelworks.de\/blog\/wp-content\/uploads\/2022\/03\/sp-tw1671254-Span.-for-Foodies-Tag-10-5-1200x869.jpg 1200w, https:\/\/www.travelworks.de\/blog\/wp-content\/uploads\/2022\/03\/sp-tw1671254-Span.-for-Foodies-Tag-10-5-1980x1434.jpg 1980w\" sizes=\"auto, (max-width: 1024px) 100vw, 1024px\" \/><\/figure>\n\n\n\n<h2 class=\"wp-block-heading\">Tag 11<\/h2>\n\n\n<p>Nach dem Spanischunterricht heute haben wir im Kochunterricht \u201eEspinacas con Garbanzos\u201c (eine Art Spinatsuppe mit Kichererbsen) gekocht und den Teig f\u00fcr Kroketten am n\u00e4chsten Tag vorbereitet. Auch wenn ich es absolut nicht erwartet h\u00e4tte, war die Spinatsuppe absolut lecker und wird in Deutschland definitiv nachgekocht! Nachmittags waren wir mit der Kochgruppe \u201eChurros\u201c in einem der wohl besten Restaurants essen: \u201eCasa Sobrina\u201c. Diesen Titel hat das Restaurant absolut verdient, die Churros waren perfekt &#x1f60a; Wir haben zwei verschiedene Churros probieren d\u00fcrfen: d\u00fcnne Churros und dickere (viiiiel mehr Teig). Die Spanier essen die Churros mit Schokoladensauce oder tunken diese in pure geschmolzene Schokolade oder in Kaffee. Ich pers\u00f6nlich ziehe es vor, die Churros \u201enur\u201c mit Zucker zu essen \u2013 man muss es ja nicht gleich \u00fcbertreiben &#x1f609;.<\/p>\n<p>Nach der Churro-Verkostung war ich noch ein paar Geschenke f\u00fcr zu Hause kaufen (iberischer Schinken, Chorizo und K\u00e4se) und bin dann erstmal in meine Wohnung. Abends habe ich mich noch mit ein paar Freunden getroffen, um das Konzert auf dem \u201ePlaza de San Antonio\u201c anzuschauen. Mir wurde gesagt, dass die S\u00e4ngerin \u201eLuz Carsal\u201c in Spanien eine absolute Ikone sei. Leider hatten wir uns das Ganze etwas anders vorgestellt und haben uns dann nach einer halben Stunde dazu entschlossen, uns lieber einfach so in ein paar Bars aufzuhalten. Am Freitag ist erneut ein Feiertag \u201eD\u00eda de Andaluc\u00eda\u201c. Deshalb war die Stadt erneut absolut voll mit Menschen aus aller Welt, um den Carneval zu feiern. Die Spanier sind einfach unerm\u00fcdlich!<\/p>\n\n\n<figure class=\"wp-block-image size-large\"><img loading=\"lazy\" decoding=\"async\" width=\"750\" height=\"562\" src=\"https:\/\/www.travelworks.de\/blog\/wp-content\/uploads\/2022\/03\/sp-tw1671254-Span.-for-Foodies-Tag-11-18.jpg\" alt=\"Restaurantbesuch\" class=\"wp-image-12845\" srcset=\"https:\/\/www.travelworks.de\/blog\/wp-content\/uploads\/2022\/03\/sp-tw1671254-Span.-for-Foodies-Tag-11-18.jpg 750w, https:\/\/www.travelworks.de\/blog\/wp-content\/uploads\/2022\/03\/sp-tw1671254-Span.-for-Foodies-Tag-11-18-300x225.jpg 300w\" sizes=\"auto, (max-width: 750px) 100vw, 750px\" \/><\/figure>\n\n\n\n<h2 class=\"wp-block-heading\">Tag 12<\/h2>\n\n\n<p>Heute war leider schon mein letzter Tag in der Sprachschule. Ich kann es kaum fassen, wie schnell diese zwei wundersch\u00f6nen Wochen vorbei gegangen sind. Im Spanischunterricht haben wir heute nach einer sehr kommunikationsintensiven Einheit unsere Sprachzertifikate von unserer Spanisch-Lehrerin ausgeh\u00e4ndigt bekommen. Ich habe mich sehr dar\u00fcber gefreut, dass mir nun das Spanisch-Sprach-Niveau \u201eB2\u201c attestiert worden ist. Darauf m\u00f6chte ich aufbauen! Der Abschied von unserer Sprachlehrerin war sehr herzlich \u2013 so wie es mit allen Menschen hier im S\u00fcden ist.<\/p>\n<p>Beim Kochkurs haben wir heute das Herzst\u00fcck der spanischen K\u00fcche gekocht: Eine Paella mit Meeresfr\u00fcchten! Das war nat\u00fcrlich f\u00fcr alle aus dem Kurs ein totales Highlight. Wir haben einige kleine Tipps und Tricks an die Hand bekommen, wie uns hoffentlich die Paella auch zu Hause gelingt. Bei einem guten Glas \u201eManzanilla\u201c haben wir die Paella bei strahlendem Sonnenschein und 20 Grad wie jeden Tag auf der Dachterrasse der Sprachschule genossen. Diese werde ich sehr vermissen! Gleichzeitig stand nun auch der Abschied unserer Kochlehrerin \u201eMaru\u201c an, die uns die ganzen 2 Wochen \u00fcber sehr lebendig und erfrischend die spanische Gastronomie n\u00e4her gebracht hat. Sie war die absolut perfekte Person f\u00fcr diesen Kochkurs und ich hoffe, auch weiterhin mit ihr in Kontakt bleiben zu k\u00f6nnen. Ihre Nummer f\u00fcr Fragen zu den Gerichten hat sie uns auf jeden Fall mitgegeben &#x1f60a;<\/p>\n<p>Danach stand f\u00fcr mich erst einmal Kofferpacken auf dem Programm. Abends habe ich mich ein vorerst letztes Mal zu einem Gl\u00e4schen Wein passend zum Sonnenuntergang mit meiner schwedischen Freundin getroffen. Eine tolle Bar, bei welcher man drau\u00dfen sitzen und etwas trinken kann ist das \u201ePELICAN M\u00daSICAF\u00c9\u201c.&nbsp;<\/p>\n\n\n<figure class=\"wp-block-image size-large\"><img loading=\"lazy\" decoding=\"async\" width=\"1024\" height=\"707\" src=\"https:\/\/www.travelworks.de\/blog\/wp-content\/uploads\/2022\/03\/sp-tw1671254-Span.-for-Foodies-Tag-12-20-min-1024x707.jpg\" alt=\"Paella mit Meeresfr\u00fcchten\" class=\"wp-image-12846\" srcset=\"https:\/\/www.travelworks.de\/blog\/wp-content\/uploads\/2022\/03\/sp-tw1671254-Span.-for-Foodies-Tag-12-20-min-1024x707.jpg 1024w, https:\/\/www.travelworks.de\/blog\/wp-content\/uploads\/2022\/03\/sp-tw1671254-Span.-for-Foodies-Tag-12-20-min-300x207.jpg 300w, https:\/\/www.travelworks.de\/blog\/wp-content\/uploads\/2022\/03\/sp-tw1671254-Span.-for-Foodies-Tag-12-20-min-768x531.jpg 768w, https:\/\/www.travelworks.de\/blog\/wp-content\/uploads\/2022\/03\/sp-tw1671254-Span.-for-Foodies-Tag-12-20-min-1536x1061.jpg 1536w, https:\/\/www.travelworks.de\/blog\/wp-content\/uploads\/2022\/03\/sp-tw1671254-Span.-for-Foodies-Tag-12-20-min-2048x1415.jpg 2048w, https:\/\/www.travelworks.de\/blog\/wp-content\/uploads\/2022\/03\/sp-tw1671254-Span.-for-Foodies-Tag-12-20-min-1200x829.jpg 1200w, https:\/\/www.travelworks.de\/blog\/wp-content\/uploads\/2022\/03\/sp-tw1671254-Span.-for-Foodies-Tag-12-20-min-1980x1368.jpg 1980w\" sizes=\"auto, (max-width: 1024px) 100vw, 1024px\" \/><\/figure>\n\n\n\n<h2 class=\"wp-block-heading\">Abschied von C\u00e1diz<\/h2>\n\n\n<p>Als Abschluss waren wir um 20.00 Uhr nochmal gemeinsam mit J\u00e9sus und den anderen zwei Gruppenteilnehmern in der Stadt Tapas essen. Im \u201eCasa Angelita\u201c haben wir uns eine K\u00e4se- und Schinkenplatte sowie Salmorejo (typische Tomatencreme mit Speck und Brot) geteilt. Danach sind wir nochmal in den Karneval von C\u00e1diz eingetaucht und haben uns nochmal von der lebendigen und verr\u00fcckten Stimmung der Stadt mitreisen lassen. Zum Abschluss habe ich mich nochmal mit Freunden von CLIC getroffen, ehe ich zur\u00fcck in die Wohnung bin, um noch ein bisschen Schlaf zu bekommen.<\/p>\n<p>Mit vielen Erinnerungen, tollen Begegnungen, einigen Rezepten und bereits jetzt schon eintretendem Fernweh nach C\u00e1diz reise ich nun zur\u00fcck in das kalte, regnerische Deutschland! Eins kann ich sicher sagen: Das war nicht meine letzte Reise nach C\u00e1diz!&nbsp;&nbsp;&nbsp;&nbsp;&nbsp;<\/p>\n\n\n<figure class=\"wp-block-image size-large\"><img loading=\"lazy\" decoding=\"async\" width=\"1024\" height=\"768\" src=\"https:\/\/www.travelworks.de\/blog\/wp-content\/uploads\/2022\/03\/sp-tw1671254-Span.-for-Foodies-Tag-9-21-min-1-1024x768.jpg\" alt=\"Sonnenuntergang am Strand\" class=\"wp-image-12847\" srcset=\"https:\/\/www.travelworks.de\/blog\/wp-content\/uploads\/2022\/03\/sp-tw1671254-Span.-for-Foodies-Tag-9-21-min-1-1024x768.jpg 1024w, https:\/\/www.travelworks.de\/blog\/wp-content\/uploads\/2022\/03\/sp-tw1671254-Span.-for-Foodies-Tag-9-21-min-1-300x225.jpg 300w, https:\/\/www.travelworks.de\/blog\/wp-content\/uploads\/2022\/03\/sp-tw1671254-Span.-for-Foodies-Tag-9-21-min-1-768x576.jpg 768w, https:\/\/www.travelworks.de\/blog\/wp-content\/uploads\/2022\/03\/sp-tw1671254-Span.-for-Foodies-Tag-9-21-min-1-1536x1152.jpg 1536w, https:\/\/www.travelworks.de\/blog\/wp-content\/uploads\/2022\/03\/sp-tw1671254-Span.-for-Foodies-Tag-9-21-min-1-2048x1536.jpg 2048w, https:\/\/www.travelworks.de\/blog\/wp-content\/uploads\/2022\/03\/sp-tw1671254-Span.-for-Foodies-Tag-9-21-min-1-1200x900.jpg 1200w, https:\/\/www.travelworks.de\/blog\/wp-content\/uploads\/2022\/03\/sp-tw1671254-Span.-for-Foodies-Tag-9-21-min-1-1980x1485.jpg 1980w\" sizes=\"auto, (max-width: 1024px) 100vw, 1024px\" \/><\/figure>\n\n\n\n<hr class=\"wp-block-separator has-css-opacity\"\/>\n\n\n<p><em>Du hast auch Lust auf eine <a href=\"https:\/\/www.travelworks.de\/sprachreisen.html\">Sprachreise<\/a> bekommen? Mit TravelWorks kannst du nicht nur <a href=\"https:\/\/www.travelworks.de\/sprachreisen\/spanisch.html\">Spanisch<\/a>, sondern auch<\/em> <em><a href=\"https:\/\/www.travelworks.de\/sprachreisen\/englisch.html\" target=\"_blank\" rel=\"noopener\">Englisch<\/a>, <a href=\"https:\/\/www.travelworks.de\/sprachreisen\/franzoesisch.html\" target=\"_blank\" rel=\"noopener\">Franz\u00f6sisch<\/a>, <a href=\"https:\/\/www.travelworks.de\/sprachreisen\/italien.html\" target=\"_blank\" rel=\"noopener\">Italienisch<\/a>\u00a0oder <a href=\"https:\/\/www.travelworks.de\/sprachreisen\/portugal.html\" target=\"_blank\" rel=\"noopener\">Portugiesisch<\/a> lernen. Auf unserer Website findest du alle wichtigen Infos zu unseren Kursen und Ziell\u00e4ndern.<\/em><\/p>\n\n\n<p><\/p>\n","protected":false},"excerpt":{"rendered":"<p>Sarah ist mit TravelWorks f\u00fcr zwei Wochen nach C\u00e1diz an die spanische Atlantikk\u00fcste gereist und hat dort an einem ganz besonderen Sprachkurs teilgenommen: Spanisch &amp; Kochen. Hier geht es zu unserem letzten Blogartikel, wo sie uns bereits von ihrer ersten Woche in Spanien erz\u00e4hlt hat. Tag 8 Heute war hier Feiertag \u201eLunes de Carnaval\u201c, also [&hellip;]<\/p>\n","protected":false},"author":23,"featured_media":12840,"comment_status":"open","ping_status":"open","sticky":false,"template":"","format":"standard","meta":{"footnotes":""},"categories":[6,1814],"tags":[782,326,172],"class_list":["post-12802","post","type-post","status-publish","format-standard","has-post-thumbnail","hentry","category-reiseberichte-europa","category-sprachreisen","tag-kochkurs","tag-spanien","tag-sprachreise"],"yoast_head":"<!-- This site is optimized with the Yoast SEO plugin v27.4 - https:\/\/yoast.com\/product\/yoast-seo-wordpress\/ -->\n<title>Sarahs Sprachreise nach C\u00e1diz (Part 2) - Entdecker Blog<\/title>\n<meta name=\"description\" content=\"Unsere Teilnehmerin Sarah berichtet von ihrer Sprachreise ins spanische C\u00e1diz, wo sie den Kurs &quot;Spanisch &amp; Kochen&quot; gemacht hat.\" \/>\n<meta name=\"robots\" content=\"index, follow, max-snippet:-1, max-image-preview:large, max-video-preview:-1\" \/>\n<link rel=\"canonical\" href=\"https:\/\/www.travelworks.de\/blog\/sarahs-sprachreise-nach-cdiz-part-2.html\" \/>\n<meta property=\"og:locale\" content=\"de_DE\" \/>\n<meta property=\"og:type\" content=\"article\" \/>\n<meta property=\"og:title\" content=\"Sarahs Sprachreise nach C\u00e1diz (Part 2) - Entdecker Blog\" \/>\n<meta property=\"og:description\" content=\"Unsere Teilnehmerin Sarah berichtet von ihrer Sprachreise ins spanische C\u00e1diz, wo sie den Kurs &quot;Spanisch &amp; Kochen&quot; gemacht hat.\" \/>\n<meta property=\"og:url\" content=\"https:\/\/www.travelworks.de\/blog\/sarahs-sprachreise-nach-cdiz-part-2.html\" \/>\n<meta property=\"og:site_name\" content=\"Entdecker Blog\" \/>\n<meta property=\"article:publisher\" content=\"https:\/\/de-de.facebook.com\/travelworks\" \/>\n<meta property=\"article:published_time\" content=\"2022-03-17T10:00:00+00:00\" \/>\n<meta property=\"article:modified_time\" content=\"2025-09-15T12:52:16+00:00\" \/>\n<meta property=\"og:image\" content=\"https:\/\/www.travelworks.de\/blog\/wp-content\/uploads\/2022\/03\/sp-tw1671254-Span.-for-Foodies-Tag-8-6-min-scaled.jpg\" \/>\n\t<meta property=\"og:image:width\" content=\"2560\" \/>\n\t<meta property=\"og:image:height\" content=\"1624\" \/>\n\t<meta property=\"og:image:type\" content=\"image\/jpeg\" \/>\n<meta name=\"author\" content=\"Redaktion\" \/>\n<meta name=\"twitter:label1\" content=\"Verfasst von\" \/>\n\t<meta name=\"twitter:data1\" content=\"Redaktion\" \/>\n\t<meta name=\"twitter:label2\" content=\"Gesch\u00e4tzte Lesezeit\" \/>\n\t<meta name=\"twitter:data2\" content=\"11\u00a0Minuten\" \/>\n<script type=\"application\/ld+json\" class=\"yoast-schema-graph\">{\"@context\":\"https:\\\/\\\/schema.org\",\"@graph\":[{\"@type\":\"Article\",\"@id\":\"https:\\\/\\\/www.travelworks.de\\\/blog\\\/sarahs-sprachreise-nach-cdiz-part-2.html#article\",\"isPartOf\":{\"@id\":\"https:\\\/\\\/www.travelworks.de\\\/blog\\\/sarahs-sprachreise-nach-cdiz-part-2.html\"},\"author\":{\"name\":\"Redaktion\",\"@id\":\"https:\\\/\\\/www.travelworks.de\\\/blog\\\/#\\\/schema\\\/person\\\/e6defe8c0784ba8e5b19b1039b13557a\"},\"headline\":\"Sarahs Sprachreise nach C\u00e1diz (Part 2)\",\"datePublished\":\"2022-03-17T10:00:00+00:00\",\"dateModified\":\"2025-09-15T12:52:16+00:00\",\"mainEntityOfPage\":{\"@id\":\"https:\\\/\\\/www.travelworks.de\\\/blog\\\/sarahs-sprachreise-nach-cdiz-part-2.html\"},\"wordCount\":1658,\"commentCount\":0,\"publisher\":{\"@id\":\"https:\\\/\\\/www.travelworks.de\\\/blog\\\/#organization\"},\"image\":{\"@id\":\"https:\\\/\\\/www.travelworks.de\\\/blog\\\/sarahs-sprachreise-nach-cdiz-part-2.html#primaryimage\"},\"thumbnailUrl\":\"https:\\\/\\\/www.travelworks.de\\\/blog\\\/wp-content\\\/uploads\\\/2022\\\/03\\\/sp-tw1671254-Span.-for-Foodies-Tag-8-6-min-scaled.jpg\",\"keywords\":[\"Kochkurs\",\"Spanien\",\"Sprachreise\"],\"articleSection\":[\"Europa\",\"Sprachreisen\"],\"inLanguage\":\"de\",\"potentialAction\":[{\"@type\":\"CommentAction\",\"name\":\"Comment\",\"target\":[\"https:\\\/\\\/www.travelworks.de\\\/blog\\\/sarahs-sprachreise-nach-cdiz-part-2.html#respond\"]}]},{\"@type\":\"WebPage\",\"@id\":\"https:\\\/\\\/www.travelworks.de\\\/blog\\\/sarahs-sprachreise-nach-cdiz-part-2.html\",\"url\":\"https:\\\/\\\/www.travelworks.de\\\/blog\\\/sarahs-sprachreise-nach-cdiz-part-2.html\",\"name\":\"Sarahs Sprachreise nach C\u00e1diz (Part 2) - Entdecker Blog\",\"isPartOf\":{\"@id\":\"https:\\\/\\\/www.travelworks.de\\\/blog\\\/#website\"},\"primaryImageOfPage\":{\"@id\":\"https:\\\/\\\/www.travelworks.de\\\/blog\\\/sarahs-sprachreise-nach-cdiz-part-2.html#primaryimage\"},\"image\":{\"@id\":\"https:\\\/\\\/www.travelworks.de\\\/blog\\\/sarahs-sprachreise-nach-cdiz-part-2.html#primaryimage\"},\"thumbnailUrl\":\"https:\\\/\\\/www.travelworks.de\\\/blog\\\/wp-content\\\/uploads\\\/2022\\\/03\\\/sp-tw1671254-Span.-for-Foodies-Tag-8-6-min-scaled.jpg\",\"datePublished\":\"2022-03-17T10:00:00+00:00\",\"dateModified\":\"2025-09-15T12:52:16+00:00\",\"description\":\"Unsere Teilnehmerin Sarah berichtet von ihrer Sprachreise ins spanische C\u00e1diz, wo sie den Kurs \\\"Spanisch & Kochen\\\" gemacht hat.\",\"breadcrumb\":{\"@id\":\"https:\\\/\\\/www.travelworks.de\\\/blog\\\/sarahs-sprachreise-nach-cdiz-part-2.html#breadcrumb\"},\"inLanguage\":\"de\",\"potentialAction\":[{\"@type\":\"ReadAction\",\"target\":[\"https:\\\/\\\/www.travelworks.de\\\/blog\\\/sarahs-sprachreise-nach-cdiz-part-2.html\"]}]},{\"@type\":\"ImageObject\",\"inLanguage\":\"de\",\"@id\":\"https:\\\/\\\/www.travelworks.de\\\/blog\\\/sarahs-sprachreise-nach-cdiz-part-2.html#primaryimage\",\"url\":\"https:\\\/\\\/www.travelworks.de\\\/blog\\\/wp-content\\\/uploads\\\/2022\\\/03\\\/sp-tw1671254-Span.-for-Foodies-Tag-8-6-min-scaled.jpg\",\"contentUrl\":\"https:\\\/\\\/www.travelworks.de\\\/blog\\\/wp-content\\\/uploads\\\/2022\\\/03\\\/sp-tw1671254-Span.-for-Foodies-Tag-8-6-min-scaled.jpg\",\"width\":2560,\"height\":1624,\"caption\":\"C\u00e1diz\"},{\"@type\":\"BreadcrumbList\",\"@id\":\"https:\\\/\\\/www.travelworks.de\\\/blog\\\/sarahs-sprachreise-nach-cdiz-part-2.html#breadcrumb\",\"itemListElement\":[{\"@type\":\"ListItem\",\"position\":1,\"name\":\"Start\",\"item\":\"https:\\\/\\\/www.travelworks.de\\\/blog\\\/\"},{\"@type\":\"ListItem\",\"position\":2,\"name\":\"Reiseziele\",\"item\":\"https:\\\/\\\/www.travelworks.de\\\/blog\\\/reiseziele\"},{\"@type\":\"ListItem\",\"position\":3,\"name\":\"Europa\",\"item\":\"https:\\\/\\\/www.travelworks.de\\\/blog\\\/reiseziele\\\/reiseberichte-europa\"},{\"@type\":\"ListItem\",\"position\":4,\"name\":\"Sarahs Sprachreise nach C\u00e1diz (Part 2)\"}]},{\"@type\":\"WebSite\",\"@id\":\"https:\\\/\\\/www.travelworks.de\\\/blog\\\/#website\",\"url\":\"https:\\\/\\\/www.travelworks.de\\\/blog\\\/\",\"name\":\"Entdecker Blog\",\"description\":\"by TravelWorks\",\"publisher\":{\"@id\":\"https:\\\/\\\/www.travelworks.de\\\/blog\\\/#organization\"},\"potentialAction\":[{\"@type\":\"SearchAction\",\"target\":{\"@type\":\"EntryPoint\",\"urlTemplate\":\"https:\\\/\\\/www.travelworks.de\\\/blog\\\/?s={search_term_string}\"},\"query-input\":{\"@type\":\"PropertyValueSpecification\",\"valueRequired\":true,\"valueName\":\"search_term_string\"}}],\"inLanguage\":\"de\"},{\"@type\":\"Organization\",\"@id\":\"https:\\\/\\\/www.travelworks.de\\\/blog\\\/#organization\",\"name\":\"Travelplus Group GmbH\",\"url\":\"https:\\\/\\\/www.travelworks.de\\\/blog\\\/\",\"logo\":{\"@type\":\"ImageObject\",\"inLanguage\":\"de\",\"@id\":\"https:\\\/\\\/www.travelworks.de\\\/blog\\\/#\\\/schema\\\/logo\\\/image\\\/\",\"url\":\"https:\\\/\\\/www.travelworks.de\\\/blog\\\/wp-content\\\/uploads\\\/2023\\\/02\\\/TravelWorks-Logo-farbig_pfad_0-20-100-0.png\",\"contentUrl\":\"https:\\\/\\\/www.travelworks.de\\\/blog\\\/wp-content\\\/uploads\\\/2023\\\/02\\\/TravelWorks-Logo-farbig_pfad_0-20-100-0.png\",\"width\":6503,\"height\":1090,\"caption\":\"Travelplus Group GmbH\"},\"image\":{\"@id\":\"https:\\\/\\\/www.travelworks.de\\\/blog\\\/#\\\/schema\\\/logo\\\/image\\\/\"},\"sameAs\":[\"https:\\\/\\\/de-de.facebook.com\\\/travelworks\"]},{\"@type\":\"Person\",\"@id\":\"https:\\\/\\\/www.travelworks.de\\\/blog\\\/#\\\/schema\\\/person\\\/e6defe8c0784ba8e5b19b1039b13557a\",\"name\":\"Redaktion\",\"description\":\"F\u00fcr das Team von TravelWorks hei\u00dft Reisen mehr als nur Tourist sein: Nicht auf der Oberfl\u00e4che schwimmen, sondern ins Geschehen eintauchen. Wir\u00a0sind\u00a0selber mehrere Jahre im Ausland gereist und geben unsere Erfahrungen gerne aus erster Hand weiter. Daher versorgen wir euch hier mit spannenden Artikeln sowie\u00a0hilfreichen Informationen zur Vor- und Nachbereitung eures Auslandsaufenthaltes und verhelfen euch so\u00a0zu einem unvergesslichen Abenteuer.\",\"sameAs\":[\"https:\\\/\\\/www.travelworks.de\"],\"url\":\"https:\\\/\\\/www.travelworks.de\\\/blog\\\/author\\\/redaktion\"}]}<\/script>\n<!-- \/ Yoast SEO plugin. -->","yoast_head_json":{"title":"Sarahs Sprachreise nach C\u00e1diz (Part 2) - Entdecker Blog","description":"Unsere Teilnehmerin Sarah berichtet von ihrer Sprachreise ins spanische C\u00e1diz, wo sie den Kurs \"Spanisch & Kochen\" gemacht hat.","robots":{"index":"index","follow":"follow","max-snippet":"max-snippet:-1","max-image-preview":"max-image-preview:large","max-video-preview":"max-video-preview:-1"},"canonical":"https:\/\/www.travelworks.de\/blog\/sarahs-sprachreise-nach-cdiz-part-2.html","og_locale":"de_DE","og_type":"article","og_title":"Sarahs Sprachreise nach C\u00e1diz (Part 2) - Entdecker Blog","og_description":"Unsere Teilnehmerin Sarah berichtet von ihrer Sprachreise ins spanische C\u00e1diz, wo sie den Kurs \"Spanisch & Kochen\" gemacht hat.","og_url":"https:\/\/www.travelworks.de\/blog\/sarahs-sprachreise-nach-cdiz-part-2.html","og_site_name":"Entdecker Blog","article_publisher":"https:\/\/de-de.facebook.com\/travelworks","article_published_time":"2022-03-17T10:00:00+00:00","article_modified_time":"2025-09-15T12:52:16+00:00","og_image":[{"width":2560,"height":1624,"url":"https:\/\/www.travelworks.de\/blog\/wp-content\/uploads\/2022\/03\/sp-tw1671254-Span.-for-Foodies-Tag-8-6-min-scaled.jpg","type":"image\/jpeg"}],"author":"Redaktion","twitter_misc":{"Verfasst von":"Redaktion","Gesch\u00e4tzte Lesezeit":"11\u00a0Minuten"},"schema":{"@context":"https:\/\/schema.org","@graph":[{"@type":"Article","@id":"https:\/\/www.travelworks.de\/blog\/sarahs-sprachreise-nach-cdiz-part-2.html#article","isPartOf":{"@id":"https:\/\/www.travelworks.de\/blog\/sarahs-sprachreise-nach-cdiz-part-2.html"},"author":{"name":"Redaktion","@id":"https:\/\/www.travelworks.de\/blog\/#\/schema\/person\/e6defe8c0784ba8e5b19b1039b13557a"},"headline":"Sarahs Sprachreise nach C\u00e1diz (Part 2)","datePublished":"2022-03-17T10:00:00+00:00","dateModified":"2025-09-15T12:52:16+00:00","mainEntityOfPage":{"@id":"https:\/\/www.travelworks.de\/blog\/sarahs-sprachreise-nach-cdiz-part-2.html"},"wordCount":1658,"commentCount":0,"publisher":{"@id":"https:\/\/www.travelworks.de\/blog\/#organization"},"image":{"@id":"https:\/\/www.travelworks.de\/blog\/sarahs-sprachreise-nach-cdiz-part-2.html#primaryimage"},"thumbnailUrl":"https:\/\/www.travelworks.de\/blog\/wp-content\/uploads\/2022\/03\/sp-tw1671254-Span.-for-Foodies-Tag-8-6-min-scaled.jpg","keywords":["Kochkurs","Spanien","Sprachreise"],"articleSection":["Europa","Sprachreisen"],"inLanguage":"de","potentialAction":[{"@type":"CommentAction","name":"Comment","target":["https:\/\/www.travelworks.de\/blog\/sarahs-sprachreise-nach-cdiz-part-2.html#respond"]}]},{"@type":"WebPage","@id":"https:\/\/www.travelworks.de\/blog\/sarahs-sprachreise-nach-cdiz-part-2.html","url":"https:\/\/www.travelworks.de\/blog\/sarahs-sprachreise-nach-cdiz-part-2.html","name":"Sarahs Sprachreise nach C\u00e1diz (Part 2) - Entdecker Blog","isPartOf":{"@id":"https:\/\/www.travelworks.de\/blog\/#website"},"primaryImageOfPage":{"@id":"https:\/\/www.travelworks.de\/blog\/sarahs-sprachreise-nach-cdiz-part-2.html#primaryimage"},"image":{"@id":"https:\/\/www.travelworks.de\/blog\/sarahs-sprachreise-nach-cdiz-part-2.html#primaryimage"},"thumbnailUrl":"https:\/\/www.travelworks.de\/blog\/wp-content\/uploads\/2022\/03\/sp-tw1671254-Span.-for-Foodies-Tag-8-6-min-scaled.jpg","datePublished":"2022-03-17T10:00:00+00:00","dateModified":"2025-09-15T12:52:16+00:00","description":"Unsere Teilnehmerin Sarah berichtet von ihrer Sprachreise ins spanische C\u00e1diz, wo sie den Kurs \"Spanisch & Kochen\" gemacht hat.","breadcrumb":{"@id":"https:\/\/www.travelworks.de\/blog\/sarahs-sprachreise-nach-cdiz-part-2.html#breadcrumb"},"inLanguage":"de","potentialAction":[{"@type":"ReadAction","target":["https:\/\/www.travelworks.de\/blog\/sarahs-sprachreise-nach-cdiz-part-2.html"]}]},{"@type":"ImageObject","inLanguage":"de","@id":"https:\/\/www.travelworks.de\/blog\/sarahs-sprachreise-nach-cdiz-part-2.html#primaryimage","url":"https:\/\/www.travelworks.de\/blog\/wp-content\/uploads\/2022\/03\/sp-tw1671254-Span.-for-Foodies-Tag-8-6-min-scaled.jpg","contentUrl":"https:\/\/www.travelworks.de\/blog\/wp-content\/uploads\/2022\/03\/sp-tw1671254-Span.-for-Foodies-Tag-8-6-min-scaled.jpg","width":2560,"height":1624,"caption":"C\u00e1diz"},{"@type":"BreadcrumbList","@id":"https:\/\/www.travelworks.de\/blog\/sarahs-sprachreise-nach-cdiz-part-2.html#breadcrumb","itemListElement":[{"@type":"ListItem","position":1,"name":"Start","item":"https:\/\/www.travelworks.de\/blog\/"},{"@type":"ListItem","position":2,"name":"Reiseziele","item":"https:\/\/www.travelworks.de\/blog\/reiseziele"},{"@type":"ListItem","position":3,"name":"Europa","item":"https:\/\/www.travelworks.de\/blog\/reiseziele\/reiseberichte-europa"},{"@type":"ListItem","position":4,"name":"Sarahs Sprachreise nach C\u00e1diz (Part 2)"}]},{"@type":"WebSite","@id":"https:\/\/www.travelworks.de\/blog\/#website","url":"https:\/\/www.travelworks.de\/blog\/","name":"Entdecker Blog","description":"by TravelWorks","publisher":{"@id":"https:\/\/www.travelworks.de\/blog\/#organization"},"potentialAction":[{"@type":"SearchAction","target":{"@type":"EntryPoint","urlTemplate":"https:\/\/www.travelworks.de\/blog\/?s={search_term_string}"},"query-input":{"@type":"PropertyValueSpecification","valueRequired":true,"valueName":"search_term_string"}}],"inLanguage":"de"},{"@type":"Organization","@id":"https:\/\/www.travelworks.de\/blog\/#organization","name":"Travelplus Group GmbH","url":"https:\/\/www.travelworks.de\/blog\/","logo":{"@type":"ImageObject","inLanguage":"de","@id":"https:\/\/www.travelworks.de\/blog\/#\/schema\/logo\/image\/","url":"https:\/\/www.travelworks.de\/blog\/wp-content\/uploads\/2023\/02\/TravelWorks-Logo-farbig_pfad_0-20-100-0.png","contentUrl":"https:\/\/www.travelworks.de\/blog\/wp-content\/uploads\/2023\/02\/TravelWorks-Logo-farbig_pfad_0-20-100-0.png","width":6503,"height":1090,"caption":"Travelplus Group GmbH"},"image":{"@id":"https:\/\/www.travelworks.de\/blog\/#\/schema\/logo\/image\/"},"sameAs":["https:\/\/de-de.facebook.com\/travelworks"]},{"@type":"Person","@id":"https:\/\/www.travelworks.de\/blog\/#\/schema\/person\/e6defe8c0784ba8e5b19b1039b13557a","name":"Redaktion","description":"F\u00fcr das Team von TravelWorks hei\u00dft Reisen mehr als nur Tourist sein: Nicht auf der Oberfl\u00e4che schwimmen, sondern ins Geschehen eintauchen. Wir\u00a0sind\u00a0selber mehrere Jahre im Ausland gereist und geben unsere Erfahrungen gerne aus erster Hand weiter. Daher versorgen wir euch hier mit spannenden Artikeln sowie\u00a0hilfreichen Informationen zur Vor- und Nachbereitung eures Auslandsaufenthaltes und verhelfen euch so\u00a0zu einem unvergesslichen Abenteuer.","sameAs":["https:\/\/www.travelworks.de"],"url":"https:\/\/www.travelworks.de\/blog\/author\/redaktion"}]}},"_links":{"self":[{"href":"https:\/\/www.travelworks.de\/blog\/wp-json\/wp\/v2\/posts\/12802","targetHints":{"allow":["GET"]}}],"collection":[{"href":"https:\/\/www.travelworks.de\/blog\/wp-json\/wp\/v2\/posts"}],"about":[{"href":"https:\/\/www.travelworks.de\/blog\/wp-json\/wp\/v2\/types\/post"}],"author":[{"embeddable":true,"href":"https:\/\/www.travelworks.de\/blog\/wp-json\/wp\/v2\/users\/23"}],"replies":[{"embeddable":true,"href":"https:\/\/www.travelworks.de\/blog\/wp-json\/wp\/v2\/comments?post=12802"}],"version-history":[{"count":15,"href":"https:\/\/www.travelworks.de\/blog\/wp-json\/wp\/v2\/posts\/12802\/revisions"}],"predecessor-version":[{"id":14461,"href":"https:\/\/www.travelworks.de\/blog\/wp-json\/wp\/v2\/posts\/12802\/revisions\/14461"}],"wp:featuredmedia":[{"embeddable":true,"href":"https:\/\/www.travelworks.de\/blog\/wp-json\/wp\/v2\/media\/12840"}],"wp:attachment":[{"href":"https:\/\/www.travelworks.de\/blog\/wp-json\/wp\/v2\/media?parent=12802"}],"wp:term":[{"taxonomy":"category","embeddable":true,"href":"https:\/\/www.travelworks.de\/blog\/wp-json\/wp\/v2\/categories?post=12802"},{"taxonomy":"post_tag","embeddable":true,"href":"https:\/\/www.travelworks.de\/blog\/wp-json\/wp\/v2\/tags?post=12802"}],"curies":[{"name":"wp","href":"https:\/\/api.w.org\/{rel}","templated":true}]}}