{"id":13582,"date":"2023-12-15T14:18:58","date_gmt":"2023-12-15T13:18:58","guid":{"rendered":"https:\/\/www.travelworks.de\/blog\/?p=13582"},"modified":"2025-09-16T08:50:26","modified_gmt":"2025-09-16T06:50:26","slug":"isabellas-au-pair-jahr-in-marbella-spanien","status":"publish","type":"post","link":"https:\/\/www.travelworks.de\/blog\/isabellas-au-pair-jahr-in-marbella-spanien.html","title":{"rendered":"Isabellas fantastisches Au Pair-Jahr in Marbella"},"content":{"rendered":"\n<p><em>Hi, ich bin Isabella, die Azubine des TravelWorks-Teams! Zwischen meinem Abitur und meiner Ausbildung habe ich ein Jahr als <a href=\"https:\/\/www.travelworks.de\/au-pair\/europa\/spanien.html\">Au Pair in Spanien<\/a> verbracht. Lies dich hier durch meine unvergessliche Zeit in Marbella&#8230;<\/em><\/p>\n\n\n\n<h2 class=\"wp-block-heading\">Ankunft in Andalusien<\/h2>\n\n\n\n<p>Mein Abenteuer als <a href=\"https:\/\/www.travelworks.de\/au-pair\/europa\/spanien.html\">Au Pair in Spanien<\/a> begann mit der Ankunft in der sonnigen Stadt <a href=\"https:\/\/www.travelworks.de\/sprachreisen\/spanien\/malaga.html\" target=\"_blank\" rel=\"noreferrer noopener\">M\u00e1laga<\/a>, wo ich von meiner Gastfamilie herzlich empfangen wurde. Wir hatten eine 40-min\u00fctige Autofahrt vor uns und meine beiden Gasteltern waren super gespr\u00e4chig und haben mir direkt das Gef\u00fchl gegeben, ein besonderer Teil der Familie zu sein. Da der Flug zum Gl\u00fcck nur 3 Stunden dauerte, war ich nicht besonders m\u00fcde und bin direkt mit der Familie auf eine Feier der Nachbarn mitgegangen, wo ich auch direkt ein anderes Au Pair kennengelernt habe! Wir haben uns auf Anhieb gut verstanden und uns bereits f\u00fcr das kommende Wochenende verabredet &#8211; Freunde zu finden ging einfacher und schneller als gedacht!<\/p>\n\n\n\n<figure class=\"wp-block-image size-large\"><a href=\"https:\/\/www.travelworks.de\/blog\/wp-content\/uploads\/2023\/11\/blog-au-pair-in-marbella-content-1.jpg\"><img loading=\"lazy\" decoding=\"async\" width=\"1024\" height=\"654\" src=\"https:\/\/www.travelworks.de\/blog\/wp-content\/uploads\/2023\/11\/blog-au-pair-in-marbella-content-1-1024x654.jpg\" alt=\"Isabellas Au Pair-Freundinnen\" class=\"wp-image-13608\" srcset=\"https:\/\/www.travelworks.de\/blog\/wp-content\/uploads\/2023\/11\/blog-au-pair-in-marbella-content-1-1024x654.jpg 1024w, https:\/\/www.travelworks.de\/blog\/wp-content\/uploads\/2023\/11\/blog-au-pair-in-marbella-content-1-300x192.jpg 300w, https:\/\/www.travelworks.de\/blog\/wp-content\/uploads\/2023\/11\/blog-au-pair-in-marbella-content-1-768x490.jpg 768w, https:\/\/www.travelworks.de\/blog\/wp-content\/uploads\/2023\/11\/blog-au-pair-in-marbella-content-1-1536x981.jpg 1536w, https:\/\/www.travelworks.de\/blog\/wp-content\/uploads\/2023\/11\/blog-au-pair-in-marbella-content-1-1200x766.jpg 1200w, https:\/\/www.travelworks.de\/blog\/wp-content\/uploads\/2023\/11\/blog-au-pair-in-marbella-content-1.jpg 1900w\" sizes=\"auto, (max-width: 1024px) 100vw, 1024px\" \/><\/a><figcaption class=\"wp-element-caption\">Meine Au Pair-Freundinnen<\/figcaption><\/figure>\n\n\n\n<h2 class=\"wp-block-heading\">Traumleben in Marbella<\/h2>\n\n\n\n<p>Die anderen Au Pairs und ich haben uns schnell zu einer Clique zusammengefunden und fast jeden Tag miteinander verbracht. Sobald die Kids in der Schule oder im Kindergarten waren, hatten wir freie Zeit f\u00fcr uns. Wir trafen und jeden Morgen um 8 Uhr an der Promenade zum leckeren Fr\u00fchst\u00fcck mit spanischen Churros con Chocolate. Danach sind wir direkt zum Strand gelaufen, sind schwimmen gegangen und haben dort unseren gesamten Morgen verbracht. An zwei Tagen in der Woche hatten wir morgens <a href=\"https:\/\/www.travelworks.de\/sprachreisen\/spanien.html\" target=\"_blank\" rel=\"noreferrer noopener\">Sprachunterricht<\/a>, um unser Spanisch zu verbessern. Nachmittags hatten unsere Kids meistens zur selben Zeit Schulschluss und wir sind alle wieder zu unseren Gastfamilien zur\u00fcckgekehrt. Abends haben wir uns oft noch getroffen, nachdem die Kids im Bett waren und alle Aufgaben erledigt wurden. Die Wochenenden hatten wir meistens frei uns sind gereist oder haben unsere Zeit gemeinsam am Strand verbracht.<\/p>\n\n\n\n<figure class=\"wp-block-image size-large\"><a href=\"https:\/\/www.travelworks.de\/blog\/wp-content\/uploads\/2023\/11\/blog-au-pair-in-marbella-content-2-1.jpg\"><img loading=\"lazy\" decoding=\"async\" width=\"1024\" height=\"654\" src=\"https:\/\/www.travelworks.de\/blog\/wp-content\/uploads\/2023\/11\/blog-au-pair-in-marbella-content-2-1-1024x654.jpg\" alt=\"Sonnenuntergang in Marbella\" class=\"wp-image-13611\" srcset=\"https:\/\/www.travelworks.de\/blog\/wp-content\/uploads\/2023\/11\/blog-au-pair-in-marbella-content-2-1-1024x654.jpg 1024w, https:\/\/www.travelworks.de\/blog\/wp-content\/uploads\/2023\/11\/blog-au-pair-in-marbella-content-2-1-300x192.jpg 300w, https:\/\/www.travelworks.de\/blog\/wp-content\/uploads\/2023\/11\/blog-au-pair-in-marbella-content-2-1-768x490.jpg 768w, https:\/\/www.travelworks.de\/blog\/wp-content\/uploads\/2023\/11\/blog-au-pair-in-marbella-content-2-1-1536x981.jpg 1536w, https:\/\/www.travelworks.de\/blog\/wp-content\/uploads\/2023\/11\/blog-au-pair-in-marbella-content-2-1-1200x766.jpg 1200w, https:\/\/www.travelworks.de\/blog\/wp-content\/uploads\/2023\/11\/blog-au-pair-in-marbella-content-2-1.jpg 1900w\" sizes=\"auto, (max-width: 1024px) 100vw, 1024px\" \/><\/a><figcaption class=\"wp-element-caption\">Hier habe ich t\u00e4glich die sch\u00f6nsten Sonnenunterg\u00e4nge angesehen<\/figcaption><\/figure>\n\n\n\n<h2 class=\"wp-block-heading\">Der Alltag mit den Kids<\/h2>\n\n\n\n<p>Morgens hatte ich das Gl\u00fcck ausschlafen zu k\u00f6nnen, weil die Schule der Tochter auf dem Arbeitsweg der Mutter lag und sie jeden morgen dorthin gebracht und abgeholt wurde. Die anderen Au Pairs haben die Kinder teilweise selbst zur Schule gefahren oder haben sie zur Bushaltestelle begleitet. Sobald sie gegen 16 Uhr zu Hause waren, haben wir gemeinsam die Hausaufgaben gemacht und f\u00fcr Tests und Klassenarbeiten gelernt. Im Anschluss bin ich meistens mit ihr zum Strand gelaufen und habe dort den restlichen Nachmittag verbracht. Oft haben wir auch die anderen Au Pairs mit ihren Kids dort getroffen und gemeinsam gepicknickt und Fu\u00dfball gespielt. An regnerischen Tagen haben wir gemalt, gebastelt, Tik-Toks gedreht oder sind in die Shopping-Mall gefahren. Gegen 20 Uhr sind wir meistens nach Hause gekommen und haben gemeinsam mit der ganzen Familie gegessen. Nach dem Abendessen sind die Kinder meist von selbst ins Bett gefallen und schnell eingeschlafen.<\/p>\n\n\n\n<h2 class=\"wp-block-heading\">Andalusien &#8211; ein Entdeckerparadies<\/h2>\n\n\n\n<p>Marbellas malerische Str\u00e4nde und die wundersch\u00f6nen H\u00e4user haben mich (und auch alle anderen Au Pairs) einfach verzaubert! Auch wenn es der sch\u00f6nste Ort war, den wir uns vorstellen konnten, wollten wir auch noch weitere St\u00e4dte in Andalusien erkunden. Am Wochenende reisten wir nach <a href=\"https:\/\/www.travelworks.de\/sprachreisen\/spanien\/sevilla.html\" target=\"_blank\" rel=\"noreferrer noopener\">Sevilla<\/a>, Gibraltar, Tarifa, <a href=\"https:\/\/www.travelworks.de\/sprachreisen\/spanien\/granada.html\" target=\"_blank\" rel=\"noreferrer noopener\">Granada<\/a>, <a href=\"https:\/\/www.travelworks.de\/sprachreisen\/ab-50\/spanien\/nerja.html\" target=\"_blank\" rel=\"noreferrer noopener\">Nerja<\/a>, <a href=\"https:\/\/www.travelworks.de\/sprachreisen\/spanien\/malaga.html\" target=\"_blank\" rel=\"noreferrer noopener\">M\u00e1laga<\/a>, <a href=\"https:\/\/www.travelworks.de\/sprachreisen\/spanien\/cadiz.html\" target=\"_blank\" rel=\"noreferrer noopener\">C\u00e1diz<\/a> und sogar nach <a href=\"https:\/\/www.travelworks.de\/sprachreisen\/portugal.html\" target=\"_blank\" rel=\"noreferrer noopener\">Portugal<\/a>! Wir haben fantastisches Essen gegessen, neue Leute kennengelernt und den Spa\u00df unseres Lebens gehabt.<\/p>\n\n\n\n<figure class=\"wp-block-image size-large\"><a href=\"https:\/\/www.travelworks.de\/blog\/wp-content\/uploads\/2023\/11\/blog-au-pair-in-marbella-content-3-1.jpg\"><img loading=\"lazy\" decoding=\"async\" width=\"1024\" height=\"654\" src=\"https:\/\/www.travelworks.de\/blog\/wp-content\/uploads\/2023\/11\/blog-au-pair-in-marbella-content-3-1-1024x654.jpg\" alt=\"Die Altst\u00e4dte in den Pueblos Blancos\" class=\"wp-image-13612\" srcset=\"https:\/\/www.travelworks.de\/blog\/wp-content\/uploads\/2023\/11\/blog-au-pair-in-marbella-content-3-1-1024x654.jpg 1024w, https:\/\/www.travelworks.de\/blog\/wp-content\/uploads\/2023\/11\/blog-au-pair-in-marbella-content-3-1-300x192.jpg 300w, https:\/\/www.travelworks.de\/blog\/wp-content\/uploads\/2023\/11\/blog-au-pair-in-marbella-content-3-1-768x490.jpg 768w, https:\/\/www.travelworks.de\/blog\/wp-content\/uploads\/2023\/11\/blog-au-pair-in-marbella-content-3-1-1536x981.jpg 1536w, https:\/\/www.travelworks.de\/blog\/wp-content\/uploads\/2023\/11\/blog-au-pair-in-marbella-content-3-1-1200x766.jpg 1200w, https:\/\/www.travelworks.de\/blog\/wp-content\/uploads\/2023\/11\/blog-au-pair-in-marbella-content-3-1.jpg 1900w\" sizes=\"auto, (max-width: 1024px) 100vw, 1024px\" \/><\/a><figcaption class=\"wp-element-caption\">Die Altst\u00e4dte in den Pueblos Blancos<\/figcaption><\/figure>\n\n\n\n<h2 class=\"wp-block-heading\">Fernweh &#8211; Mi coraz\u00f3n est\u00e1 en Espa\u00f1a<\/h2>\n\n\n\n<p>Mein Au Pair-Jahr in Spanien ist eine unvergessliche Zeit, auf die ich mit voller Freude zur\u00fcckblicke. Mit meinen Au Pair-Freundinnen bin ich immer noch in Kontakt und habe mit ihnen wirklich Freundinnen f\u00fcrs Leben gefunden. Und mit Marbella habe ich ein zweiten Ort, den ich mein zu Hause nennen kann, gefunden.<\/p>\n\n\n\n<hr class=\"wp-block-separator has-alpha-channel-opacity\"\/>\n\n\n\n<p><em>Du m\u00f6chtest auch dein <a href=\"https:\/\/www.travelworks.de\/au-pair.html\">Au Pair<\/a>-Abenteuer mit TravelWorks starten? Dann ab ins sonnige Spanien wie Isabella, oder doch lieber klassisch in die USA? Wir bieten Au Pair-Aufenthalte in <a href=\"https:\/\/www.travelworks.de\/au-pair\/europa\/irland.html\">Irland<\/a>, <a href=\"https:\/\/www.travelworks.de\/au-pair\/down-under\/neuseeland.html\">Neuseeland<\/a>, <a href=\"https:\/\/www.travelworks.de\/au-pair\/lateinamerika\/chile.html\">Chile<\/a>, <a href=\"https:\/\/www.travelworks.de\/au-pair\/down-under\/australien.html\">Australien<\/a>, <a href=\"https:\/\/www.travelworks.de\/au-pair\/nordamerika\/usa.html\">USA<\/a> und <a href=\"https:\/\/www.travelworks.de\/au-pair\/europa\/spanien.html\">Spanien<\/a> an!<\/em><\/p>\n","protected":false},"excerpt":{"rendered":"<p>Hi, ich bin Isabella, die Azubine des TravelWorks-Teams! Zwischen meinem Abitur und meiner Ausbildung habe ich ein Jahr als Au Pair in Spanien verbracht. Lies dich hier durch meine unvergessliche Zeit in Marbella&#8230; Ankunft in Andalusien Mein Abenteuer als Au Pair in Spanien begann mit der Ankunft in der sonnigen Stadt M\u00e1laga, wo ich von [&hellip;]<\/p>\n","protected":false},"author":23,"featured_media":13678,"comment_status":"open","ping_status":"open","sticky":false,"template":"","format":"standard","meta":{"footnotes":""},"categories":[1817,6],"tags":[193,859,326],"class_list":["post-13582","post","type-post","status-publish","format-standard","has-post-thumbnail","hentry","category-au-pair","category-reiseberichte-europa","tag-au-pair","tag-erfahrungsbericht","tag-spanien"],"yoast_head":"<!-- This site is optimized with the Yoast SEO plugin v27.4 - https:\/\/yoast.com\/product\/yoast-seo-wordpress\/ -->\n<title>Isabellas Au Pair-Jahr in Marbella, Spanien<\/title>\n<meta name=\"description\" content=\"Hier bekommst du einen Einblick in Isabellas unvergessliche Zeit als Au Pair in Spanien, einem Jahr voller Erlebnisse...\" \/>\n<meta name=\"robots\" content=\"index, follow, max-snippet:-1, max-image-preview:large, max-video-preview:-1\" \/>\n<link rel=\"canonical\" href=\"https:\/\/www.travelworks.de\/blog\/isabellas-au-pair-jahr-in-marbella-spanien.html\" \/>\n<meta property=\"og:locale\" content=\"de_DE\" \/>\n<meta property=\"og:type\" content=\"article\" \/>\n<meta property=\"og:title\" content=\"Isabellas Au Pair-Jahr in Marbella, Spanien\" \/>\n<meta property=\"og:description\" content=\"Hier bekommst du einen Einblick in Isabellas unvergessliche Zeit als Au Pair in Spanien, einem Jahr voller Erlebnisse...\" \/>\n<meta property=\"og:url\" content=\"https:\/\/www.travelworks.de\/blog\/isabellas-au-pair-jahr-in-marbella-spanien.html\" \/>\n<meta property=\"og:site_name\" content=\"Entdecker Blog\" \/>\n<meta property=\"article:publisher\" content=\"https:\/\/de-de.facebook.com\/travelworks\" \/>\n<meta property=\"article:published_time\" content=\"2023-12-15T13:18:58+00:00\" \/>\n<meta property=\"article:modified_time\" content=\"2025-09-16T06:50:26+00:00\" \/>\n<meta property=\"og:image\" content=\"https:\/\/www.travelworks.de\/blog\/wp-content\/uploads\/2023\/12\/aupair-spanien-marbella-hafen.jpg\" \/>\n\t<meta property=\"og:image:width\" content=\"1500\" \/>\n\t<meta property=\"og:image:height\" content=\"500\" \/>\n\t<meta property=\"og:image:type\" content=\"image\/jpeg\" \/>\n<meta name=\"author\" content=\"Redaktion\" \/>\n<meta name=\"twitter:label1\" content=\"Verfasst von\" \/>\n\t<meta name=\"twitter:data1\" content=\"Redaktion\" \/>\n\t<meta name=\"twitter:label2\" content=\"Gesch\u00e4tzte Lesezeit\" \/>\n\t<meta name=\"twitter:data2\" content=\"5\u00a0Minuten\" \/>\n<script type=\"application\/ld+json\" class=\"yoast-schema-graph\">{\"@context\":\"https:\\\/\\\/schema.org\",\"@graph\":[{\"@type\":\"Article\",\"@id\":\"https:\\\/\\\/www.travelworks.de\\\/blog\\\/isabellas-au-pair-jahr-in-marbella-spanien.html#article\",\"isPartOf\":{\"@id\":\"https:\\\/\\\/www.travelworks.de\\\/blog\\\/isabellas-au-pair-jahr-in-marbella-spanien.html\"},\"author\":{\"name\":\"Redaktion\",\"@id\":\"https:\\\/\\\/www.travelworks.de\\\/blog\\\/#\\\/schema\\\/person\\\/e6defe8c0784ba8e5b19b1039b13557a\"},\"headline\":\"Isabellas fantastisches Au Pair-Jahr in Marbella\",\"datePublished\":\"2023-12-15T13:18:58+00:00\",\"dateModified\":\"2025-09-16T06:50:26+00:00\",\"mainEntityOfPage\":{\"@id\":\"https:\\\/\\\/www.travelworks.de\\\/blog\\\/isabellas-au-pair-jahr-in-marbella-spanien.html\"},\"wordCount\":661,\"commentCount\":0,\"publisher\":{\"@id\":\"https:\\\/\\\/www.travelworks.de\\\/blog\\\/#organization\"},\"image\":{\"@id\":\"https:\\\/\\\/www.travelworks.de\\\/blog\\\/isabellas-au-pair-jahr-in-marbella-spanien.html#primaryimage\"},\"thumbnailUrl\":\"https:\\\/\\\/www.travelworks.de\\\/blog\\\/wp-content\\\/uploads\\\/2023\\\/12\\\/aupair-spanien-marbella-hafen.jpg\",\"keywords\":[\"Au pair\",\"Erfahrungsbericht\",\"Spanien\"],\"articleSection\":[\"Au Pair\",\"Europa\"],\"inLanguage\":\"de\",\"potentialAction\":[{\"@type\":\"CommentAction\",\"name\":\"Comment\",\"target\":[\"https:\\\/\\\/www.travelworks.de\\\/blog\\\/isabellas-au-pair-jahr-in-marbella-spanien.html#respond\"]}]},{\"@type\":\"WebPage\",\"@id\":\"https:\\\/\\\/www.travelworks.de\\\/blog\\\/isabellas-au-pair-jahr-in-marbella-spanien.html\",\"url\":\"https:\\\/\\\/www.travelworks.de\\\/blog\\\/isabellas-au-pair-jahr-in-marbella-spanien.html\",\"name\":\"Isabellas Au Pair-Jahr in Marbella, Spanien\",\"isPartOf\":{\"@id\":\"https:\\\/\\\/www.travelworks.de\\\/blog\\\/#website\"},\"primaryImageOfPage\":{\"@id\":\"https:\\\/\\\/www.travelworks.de\\\/blog\\\/isabellas-au-pair-jahr-in-marbella-spanien.html#primaryimage\"},\"image\":{\"@id\":\"https:\\\/\\\/www.travelworks.de\\\/blog\\\/isabellas-au-pair-jahr-in-marbella-spanien.html#primaryimage\"},\"thumbnailUrl\":\"https:\\\/\\\/www.travelworks.de\\\/blog\\\/wp-content\\\/uploads\\\/2023\\\/12\\\/aupair-spanien-marbella-hafen.jpg\",\"datePublished\":\"2023-12-15T13:18:58+00:00\",\"dateModified\":\"2025-09-16T06:50:26+00:00\",\"description\":\"Hier bekommst du einen Einblick in Isabellas unvergessliche Zeit als Au Pair in Spanien, einem Jahr voller Erlebnisse...\",\"breadcrumb\":{\"@id\":\"https:\\\/\\\/www.travelworks.de\\\/blog\\\/isabellas-au-pair-jahr-in-marbella-spanien.html#breadcrumb\"},\"inLanguage\":\"de\",\"potentialAction\":[{\"@type\":\"ReadAction\",\"target\":[\"https:\\\/\\\/www.travelworks.de\\\/blog\\\/isabellas-au-pair-jahr-in-marbella-spanien.html\"]}]},{\"@type\":\"ImageObject\",\"inLanguage\":\"de\",\"@id\":\"https:\\\/\\\/www.travelworks.de\\\/blog\\\/isabellas-au-pair-jahr-in-marbella-spanien.html#primaryimage\",\"url\":\"https:\\\/\\\/www.travelworks.de\\\/blog\\\/wp-content\\\/uploads\\\/2023\\\/12\\\/aupair-spanien-marbella-hafen.jpg\",\"contentUrl\":\"https:\\\/\\\/www.travelworks.de\\\/blog\\\/wp-content\\\/uploads\\\/2023\\\/12\\\/aupair-spanien-marbella-hafen.jpg\",\"width\":1500,\"height\":500},{\"@type\":\"BreadcrumbList\",\"@id\":\"https:\\\/\\\/www.travelworks.de\\\/blog\\\/isabellas-au-pair-jahr-in-marbella-spanien.html#breadcrumb\",\"itemListElement\":[{\"@type\":\"ListItem\",\"position\":1,\"name\":\"Start\",\"item\":\"https:\\\/\\\/www.travelworks.de\\\/blog\\\/\"},{\"@type\":\"ListItem\",\"position\":2,\"name\":\"Reiseziele\",\"item\":\"https:\\\/\\\/www.travelworks.de\\\/blog\\\/reiseziele\"},{\"@type\":\"ListItem\",\"position\":3,\"name\":\"Europa\",\"item\":\"https:\\\/\\\/www.travelworks.de\\\/blog\\\/reiseziele\\\/reiseberichte-europa\"},{\"@type\":\"ListItem\",\"position\":4,\"name\":\"Isabellas fantastisches Au Pair-Jahr in Marbella\"}]},{\"@type\":\"WebSite\",\"@id\":\"https:\\\/\\\/www.travelworks.de\\\/blog\\\/#website\",\"url\":\"https:\\\/\\\/www.travelworks.de\\\/blog\\\/\",\"name\":\"Entdecker Blog\",\"description\":\"by TravelWorks\",\"publisher\":{\"@id\":\"https:\\\/\\\/www.travelworks.de\\\/blog\\\/#organization\"},\"potentialAction\":[{\"@type\":\"SearchAction\",\"target\":{\"@type\":\"EntryPoint\",\"urlTemplate\":\"https:\\\/\\\/www.travelworks.de\\\/blog\\\/?s={search_term_string}\"},\"query-input\":{\"@type\":\"PropertyValueSpecification\",\"valueRequired\":true,\"valueName\":\"search_term_string\"}}],\"inLanguage\":\"de\"},{\"@type\":\"Organization\",\"@id\":\"https:\\\/\\\/www.travelworks.de\\\/blog\\\/#organization\",\"name\":\"Travelplus Group GmbH\",\"url\":\"https:\\\/\\\/www.travelworks.de\\\/blog\\\/\",\"logo\":{\"@type\":\"ImageObject\",\"inLanguage\":\"de\",\"@id\":\"https:\\\/\\\/www.travelworks.de\\\/blog\\\/#\\\/schema\\\/logo\\\/image\\\/\",\"url\":\"https:\\\/\\\/www.travelworks.de\\\/blog\\\/wp-content\\\/uploads\\\/2023\\\/02\\\/TravelWorks-Logo-farbig_pfad_0-20-100-0.png\",\"contentUrl\":\"https:\\\/\\\/www.travelworks.de\\\/blog\\\/wp-content\\\/uploads\\\/2023\\\/02\\\/TravelWorks-Logo-farbig_pfad_0-20-100-0.png\",\"width\":6503,\"height\":1090,\"caption\":\"Travelplus Group GmbH\"},\"image\":{\"@id\":\"https:\\\/\\\/www.travelworks.de\\\/blog\\\/#\\\/schema\\\/logo\\\/image\\\/\"},\"sameAs\":[\"https:\\\/\\\/de-de.facebook.com\\\/travelworks\"]},{\"@type\":\"Person\",\"@id\":\"https:\\\/\\\/www.travelworks.de\\\/blog\\\/#\\\/schema\\\/person\\\/e6defe8c0784ba8e5b19b1039b13557a\",\"name\":\"Redaktion\",\"description\":\"F\u00fcr das Team von TravelWorks hei\u00dft Reisen mehr als nur Tourist sein: Nicht auf der Oberfl\u00e4che schwimmen, sondern ins Geschehen eintauchen. Wir\u00a0sind\u00a0selber mehrere Jahre im Ausland gereist und geben unsere Erfahrungen gerne aus erster Hand weiter. Daher versorgen wir euch hier mit spannenden Artikeln sowie\u00a0hilfreichen Informationen zur Vor- und Nachbereitung eures Auslandsaufenthaltes und verhelfen euch so\u00a0zu einem unvergesslichen Abenteuer.\",\"sameAs\":[\"https:\\\/\\\/www.travelworks.de\"],\"url\":\"https:\\\/\\\/www.travelworks.de\\\/blog\\\/author\\\/redaktion\"}]}<\/script>\n<!-- \/ Yoast SEO plugin. -->","yoast_head_json":{"title":"Isabellas Au Pair-Jahr in Marbella, Spanien","description":"Hier bekommst du einen Einblick in Isabellas unvergessliche Zeit als Au Pair in Spanien, einem Jahr voller Erlebnisse...","robots":{"index":"index","follow":"follow","max-snippet":"max-snippet:-1","max-image-preview":"max-image-preview:large","max-video-preview":"max-video-preview:-1"},"canonical":"https:\/\/www.travelworks.de\/blog\/isabellas-au-pair-jahr-in-marbella-spanien.html","og_locale":"de_DE","og_type":"article","og_title":"Isabellas Au Pair-Jahr in Marbella, Spanien","og_description":"Hier bekommst du einen Einblick in Isabellas unvergessliche Zeit als Au Pair in Spanien, einem Jahr voller Erlebnisse...","og_url":"https:\/\/www.travelworks.de\/blog\/isabellas-au-pair-jahr-in-marbella-spanien.html","og_site_name":"Entdecker Blog","article_publisher":"https:\/\/de-de.facebook.com\/travelworks","article_published_time":"2023-12-15T13:18:58+00:00","article_modified_time":"2025-09-16T06:50:26+00:00","og_image":[{"width":1500,"height":500,"url":"https:\/\/www.travelworks.de\/blog\/wp-content\/uploads\/2023\/12\/aupair-spanien-marbella-hafen.jpg","type":"image\/jpeg"}],"author":"Redaktion","twitter_misc":{"Verfasst von":"Redaktion","Gesch\u00e4tzte Lesezeit":"5\u00a0Minuten"},"schema":{"@context":"https:\/\/schema.org","@graph":[{"@type":"Article","@id":"https:\/\/www.travelworks.de\/blog\/isabellas-au-pair-jahr-in-marbella-spanien.html#article","isPartOf":{"@id":"https:\/\/www.travelworks.de\/blog\/isabellas-au-pair-jahr-in-marbella-spanien.html"},"author":{"name":"Redaktion","@id":"https:\/\/www.travelworks.de\/blog\/#\/schema\/person\/e6defe8c0784ba8e5b19b1039b13557a"},"headline":"Isabellas fantastisches Au Pair-Jahr in Marbella","datePublished":"2023-12-15T13:18:58+00:00","dateModified":"2025-09-16T06:50:26+00:00","mainEntityOfPage":{"@id":"https:\/\/www.travelworks.de\/blog\/isabellas-au-pair-jahr-in-marbella-spanien.html"},"wordCount":661,"commentCount":0,"publisher":{"@id":"https:\/\/www.travelworks.de\/blog\/#organization"},"image":{"@id":"https:\/\/www.travelworks.de\/blog\/isabellas-au-pair-jahr-in-marbella-spanien.html#primaryimage"},"thumbnailUrl":"https:\/\/www.travelworks.de\/blog\/wp-content\/uploads\/2023\/12\/aupair-spanien-marbella-hafen.jpg","keywords":["Au pair","Erfahrungsbericht","Spanien"],"articleSection":["Au Pair","Europa"],"inLanguage":"de","potentialAction":[{"@type":"CommentAction","name":"Comment","target":["https:\/\/www.travelworks.de\/blog\/isabellas-au-pair-jahr-in-marbella-spanien.html#respond"]}]},{"@type":"WebPage","@id":"https:\/\/www.travelworks.de\/blog\/isabellas-au-pair-jahr-in-marbella-spanien.html","url":"https:\/\/www.travelworks.de\/blog\/isabellas-au-pair-jahr-in-marbella-spanien.html","name":"Isabellas Au Pair-Jahr in Marbella, Spanien","isPartOf":{"@id":"https:\/\/www.travelworks.de\/blog\/#website"},"primaryImageOfPage":{"@id":"https:\/\/www.travelworks.de\/blog\/isabellas-au-pair-jahr-in-marbella-spanien.html#primaryimage"},"image":{"@id":"https:\/\/www.travelworks.de\/blog\/isabellas-au-pair-jahr-in-marbella-spanien.html#primaryimage"},"thumbnailUrl":"https:\/\/www.travelworks.de\/blog\/wp-content\/uploads\/2023\/12\/aupair-spanien-marbella-hafen.jpg","datePublished":"2023-12-15T13:18:58+00:00","dateModified":"2025-09-16T06:50:26+00:00","description":"Hier bekommst du einen Einblick in Isabellas unvergessliche Zeit als Au Pair in Spanien, einem Jahr voller Erlebnisse...","breadcrumb":{"@id":"https:\/\/www.travelworks.de\/blog\/isabellas-au-pair-jahr-in-marbella-spanien.html#breadcrumb"},"inLanguage":"de","potentialAction":[{"@type":"ReadAction","target":["https:\/\/www.travelworks.de\/blog\/isabellas-au-pair-jahr-in-marbella-spanien.html"]}]},{"@type":"ImageObject","inLanguage":"de","@id":"https:\/\/www.travelworks.de\/blog\/isabellas-au-pair-jahr-in-marbella-spanien.html#primaryimage","url":"https:\/\/www.travelworks.de\/blog\/wp-content\/uploads\/2023\/12\/aupair-spanien-marbella-hafen.jpg","contentUrl":"https:\/\/www.travelworks.de\/blog\/wp-content\/uploads\/2023\/12\/aupair-spanien-marbella-hafen.jpg","width":1500,"height":500},{"@type":"BreadcrumbList","@id":"https:\/\/www.travelworks.de\/blog\/isabellas-au-pair-jahr-in-marbella-spanien.html#breadcrumb","itemListElement":[{"@type":"ListItem","position":1,"name":"Start","item":"https:\/\/www.travelworks.de\/blog\/"},{"@type":"ListItem","position":2,"name":"Reiseziele","item":"https:\/\/www.travelworks.de\/blog\/reiseziele"},{"@type":"ListItem","position":3,"name":"Europa","item":"https:\/\/www.travelworks.de\/blog\/reiseziele\/reiseberichte-europa"},{"@type":"ListItem","position":4,"name":"Isabellas fantastisches Au Pair-Jahr in Marbella"}]},{"@type":"WebSite","@id":"https:\/\/www.travelworks.de\/blog\/#website","url":"https:\/\/www.travelworks.de\/blog\/","name":"Entdecker Blog","description":"by TravelWorks","publisher":{"@id":"https:\/\/www.travelworks.de\/blog\/#organization"},"potentialAction":[{"@type":"SearchAction","target":{"@type":"EntryPoint","urlTemplate":"https:\/\/www.travelworks.de\/blog\/?s={search_term_string}"},"query-input":{"@type":"PropertyValueSpecification","valueRequired":true,"valueName":"search_term_string"}}],"inLanguage":"de"},{"@type":"Organization","@id":"https:\/\/www.travelworks.de\/blog\/#organization","name":"Travelplus Group GmbH","url":"https:\/\/www.travelworks.de\/blog\/","logo":{"@type":"ImageObject","inLanguage":"de","@id":"https:\/\/www.travelworks.de\/blog\/#\/schema\/logo\/image\/","url":"https:\/\/www.travelworks.de\/blog\/wp-content\/uploads\/2023\/02\/TravelWorks-Logo-farbig_pfad_0-20-100-0.png","contentUrl":"https:\/\/www.travelworks.de\/blog\/wp-content\/uploads\/2023\/02\/TravelWorks-Logo-farbig_pfad_0-20-100-0.png","width":6503,"height":1090,"caption":"Travelplus Group GmbH"},"image":{"@id":"https:\/\/www.travelworks.de\/blog\/#\/schema\/logo\/image\/"},"sameAs":["https:\/\/de-de.facebook.com\/travelworks"]},{"@type":"Person","@id":"https:\/\/www.travelworks.de\/blog\/#\/schema\/person\/e6defe8c0784ba8e5b19b1039b13557a","name":"Redaktion","description":"F\u00fcr das Team von TravelWorks hei\u00dft Reisen mehr als nur Tourist sein: Nicht auf der Oberfl\u00e4che schwimmen, sondern ins Geschehen eintauchen. Wir\u00a0sind\u00a0selber mehrere Jahre im Ausland gereist und geben unsere Erfahrungen gerne aus erster Hand weiter. Daher versorgen wir euch hier mit spannenden Artikeln sowie\u00a0hilfreichen Informationen zur Vor- und Nachbereitung eures Auslandsaufenthaltes und verhelfen euch so\u00a0zu einem unvergesslichen Abenteuer.","sameAs":["https:\/\/www.travelworks.de"],"url":"https:\/\/www.travelworks.de\/blog\/author\/redaktion"}]}},"_links":{"self":[{"href":"https:\/\/www.travelworks.de\/blog\/wp-json\/wp\/v2\/posts\/13582","targetHints":{"allow":["GET"]}}],"collection":[{"href":"https:\/\/www.travelworks.de\/blog\/wp-json\/wp\/v2\/posts"}],"about":[{"href":"https:\/\/www.travelworks.de\/blog\/wp-json\/wp\/v2\/types\/post"}],"author":[{"embeddable":true,"href":"https:\/\/www.travelworks.de\/blog\/wp-json\/wp\/v2\/users\/23"}],"replies":[{"embeddable":true,"href":"https:\/\/www.travelworks.de\/blog\/wp-json\/wp\/v2\/comments?post=13582"}],"version-history":[{"count":19,"href":"https:\/\/www.travelworks.de\/blog\/wp-json\/wp\/v2\/posts\/13582\/revisions"}],"predecessor-version":[{"id":14454,"href":"https:\/\/www.travelworks.de\/blog\/wp-json\/wp\/v2\/posts\/13582\/revisions\/14454"}],"wp:featuredmedia":[{"embeddable":true,"href":"https:\/\/www.travelworks.de\/blog\/wp-json\/wp\/v2\/media\/13678"}],"wp:attachment":[{"href":"https:\/\/www.travelworks.de\/blog\/wp-json\/wp\/v2\/media?parent=13582"}],"wp:term":[{"taxonomy":"category","embeddable":true,"href":"https:\/\/www.travelworks.de\/blog\/wp-json\/wp\/v2\/categories?post=13582"},{"taxonomy":"post_tag","embeddable":true,"href":"https:\/\/www.travelworks.de\/blog\/wp-json\/wp\/v2\/tags?post=13582"}],"curies":[{"name":"wp","href":"https:\/\/api.w.org\/{rel}","templated":true}]}}