{"id":2121,"date":"2014-11-02T12:00:25","date_gmt":"2014-11-02T11:00:25","guid":{"rendered":"https:\/\/www.travelworks.de\/blog\/?p=2121"},"modified":"2025-09-16T07:17:39","modified_gmt":"2025-09-16T05:17:39","slug":"radtour-alpen","status":"publish","type":"post","link":"https:\/\/www.travelworks.de\/blog\/radtour-alpen.html","title":{"rendered":"Mit dem Rad \u00fcber die Alpen (1\/2): 480 km in 6 Tagen"},"content":{"rendered":"<p>F\u00fcr manch einen besteht der perfekte Urlaub aus einer oder gar zwei Woche am Strand liegen mit dem Anspruch, sich so wenig wie m\u00f6glich zu bewegen: Ausspannen, Abschalten, Faulenzen. Unsere Mitarbeiterin Bianca hat sich in ihrem Urlaub f\u00fcr das Kontrastprogramm entschieden &#8211; und hat in 6 Tagen mit dem Rad die Alpen \u00fcberquert. In Zahlen:\u00a0480 km und 10.150 hm. F\u00fcr alle, die wie ich kein gutes Vorstellungsverm\u00f6gen was Weite betrifft besitzen: Das ist in etwa die Strecke von Hamburg nach Frankfurt am Main. Ganz klar eine verr\u00fcckte, aber auch wirklich coole Idee! Deswegen habe ich mir Bianca f\u00fcr ein Interview zur Seite genommen und sie zu ihrer Alpen\u00fcberquerung ausgefragt.<\/p>\n<p><strong><a class=\"lightbox\" href=\"https:\/\/www.travelworks.de\/blog\/wp-content\/uploads\/2014\/10\/10-Die-Pillerh\u00f6he-auf-ca.-1600m1.jpg\"><img loading=\"lazy\" decoding=\"async\" class=\"aligncenter wp-image-2188 size-full\" src=\"https:\/\/www.travelworks.de\/blog\/wp-content\/uploads\/2014\/10\/10-Die-Pillerh\u00f6he-auf-ca.-1600m1.jpg\" alt=\"10 Die Pillerh\u00f6he, auf ca. 1600m\" width=\"1000\" height=\"563\" srcset=\"https:\/\/www.travelworks.de\/blog\/wp-content\/uploads\/2014\/10\/10-Die-Pillerh\u00f6he-auf-ca.-1600m1.jpg 1000w, https:\/\/www.travelworks.de\/blog\/wp-content\/uploads\/2014\/10\/10-Die-Pillerh\u00f6he-auf-ca.-1600m1-300x168.jpg 300w\" sizes=\"auto, (max-width: 1000px) 100vw, 1000px\" \/><\/a>Wie kommt man auf die Idee, mit dem Fahrrad \u00fcber die Alpen zu fahren? Habt ihr so etwas \u00c4hnliches vielleicht schon vorher einmal gemacht?\u00a0\u00a0\u00a0\u00a0\u00a0<\/strong><\/p>\n<p>&#8222;Ja, wie kommt man bitte auf den Trichter. Das wurden wir \u00f6fter gefragt.. \ud83d\ude09<\/p>\n<p>Das war eigentlich ziemlich spontan. Im Zuge der Urlaubsplanung hatten wir irgendwie Lust, Aktivurlaub zu machen. Und da mein Mann schon seit einigen Jahren Mountainbike f\u00e4hrt (allerdings nur am Wochenende vielleicht mal f\u00fcr 2Std), hatte er den Vorschlag, wir k\u00f6nnten doch eine Alpen\u00fcberquerung machen. Und ohne gro\u00df weiter zu \u00fcberlegen, stand der Plan.&#8220;<a class=\"lightbox\" href=\"https:\/\/www.travelworks.de\/blog\/wp-content\/uploads\/2014\/10\/2-\u00fcberall-unglaublich-klares-Wasser1.jpg\"><img loading=\"lazy\" decoding=\"async\" class=\"aligncenter wp-image-2185 size-full\" src=\"https:\/\/www.travelworks.de\/blog\/wp-content\/uploads\/2014\/10\/2-\u00fcberall-unglaublich-klares-Wasser1.jpg\" alt=\"2 \u00fcberall unglaublich klares Wasser\" width=\"1000\" height=\"563\" srcset=\"https:\/\/www.travelworks.de\/blog\/wp-content\/uploads\/2014\/10\/2-\u00fcberall-unglaublich-klares-Wasser1.jpg 1000w, https:\/\/www.travelworks.de\/blog\/wp-content\/uploads\/2014\/10\/2-\u00fcberall-unglaublich-klares-Wasser1-300x168.jpg 300w\" sizes=\"auto, (max-width: 1000px) 100vw, 1000px\" \/><\/a><\/p>\n<p><strong>Wie sah eure Vorbereitung und Organisation vorab aus?<\/strong><\/p>\n<figure id=\"attachment_2132\" aria-describedby=\"caption-attachment-2132\" style=\"width: 200px\" class=\"wp-caption alignright\"><a class=\"lightbox\" href=\"https:\/\/www.travelworks.de\/blog\/wp-content\/uploads\/2014\/10\/Mein-Rad.jpg\"><img loading=\"lazy\" decoding=\"async\" class=\"wp-image-2132 size-medium\" src=\"https:\/\/www.travelworks.de\/blog\/wp-content\/uploads\/2014\/10\/Mein-Rad-200x300.jpg\" alt=\"Mein Rad\" width=\"200\" height=\"300\" srcset=\"https:\/\/www.travelworks.de\/blog\/wp-content\/uploads\/2014\/10\/Mein-Rad-200x300.jpg 200w, https:\/\/www.travelworks.de\/blog\/wp-content\/uploads\/2014\/10\/Mein-Rad-683x1024.jpg 683w, https:\/\/www.travelworks.de\/blog\/wp-content\/uploads\/2014\/10\/Mein-Rad.jpg 1262w\" sizes=\"auto, (max-width: 200px) 100vw, 200px\" \/><\/a><figcaption id=\"caption-attachment-2132\" class=\"wp-caption-text\">Biancas treues Gef\u00e4hrt<\/figcaption><\/figure>\n<p>&#8222;Uns war von Anfang an klar, ohne Training ist eine Alpen\u00fcberquerung sicher utopisch. Au\u00dferdem war ich bislang nur \u201enormale\u201c Radfahrerin und musste mich erstmal ans Mountainbiken gew\u00f6hnen (wie verh\u00e4lt sich das Rad auf verschiedenen Untergr\u00fcnden, \u00fcber welche Wurzeln, Steine, Treppen kann man problemlos fahren, wann ist der richtige Zeitpunkt zum Bremsen, nutze ich die Vorder-oder Hinterradbremse usw). Als Reisezeitpunkt schien uns der September passend. Noch warm genug, aber nicht zu hei\u00df. Am 01.09. sollte es dann losgehen.<\/p>\n<p>Wir waren dann ab ca. Mitte Mai <strong>konsequent jeden Samstag und Sonntag im Wald<\/strong> trainieren. Gestartet sind wir meist in Ibbenb\u00fcren. Zum Gro\u00dfteil sind wir im Teutoburger Wald auf dem Hermannsweg unterwegs gewesen. Die Strecke, die wir am h\u00e4ufigsten gefahren sind, f\u00fchrte von dort \u00fcber Tecklenburg und Lengerich nach Lienen. Kurze Pause und den gleichen Weg wieder zur\u00fcck. Das waren immer so 70km in ungef\u00e4hr 5-6 Stunden. H\u00f6rt sich auf Anhieb komisch an, 70km Radtouren schafft jedermann ja locker in 4 Stunden, aber wenn man gleichzeitig 1500 H\u00f6henmeter zur\u00fccklegen muss, kommen 5 Stunden schnell zusammen.<\/p>\n<p>Wir mussten uns schon h\u00e4ufig gegenseitig motivieren, denn w\u00e4hrend andere bei 36 \u00b0C schwimmen waren oder bei 17 \u00b0C und Regen auf dem Sofa sa\u00dfen, hie\u00df es f\u00fcr uns: Ab den Wald!! Gerade, als der September n\u00e4her kam, hatten wir echt keine Lust mehr auf Training, es sollte endlich mal losgehen. 3 Monate jedes Wochenende\u2026..da mussten wir schon ordentlich Disziplin an den Tag legen\u2026<\/p>\n<p>1) Zu allererst ging\u2018s um\u2019s ganz grundlegende: Ich brauchte ein Mountainbike\u2026 \ud83d\ude42 Dazu mussten wir noch die restliche Ausr\u00fcstung besorgen: Helm, Rucksack (unser \u201eKleiderschrank\u201c w\u00e4hrend der gesamten Tour, Luxus war nicht), ordentlicher Sattel und gepolsterte Fahrradhose (Popo-Schmerzen sind echt kein Spa\u00df), Handschuhe, Regenschutz, Erste-Hilfe-Set und und und\u2026<\/p>\n<p><a class=\"lightbox\" href=\"https:\/\/www.travelworks.de\/blog\/wp-content\/uploads\/2014\/10\/8-Man-beachte-den-unglaublich-dreckigen-Po...-D1.jpg\"><img loading=\"lazy\" decoding=\"async\" class=\"aligncenter wp-image-2192 size-large\" src=\"https:\/\/www.travelworks.de\/blog\/wp-content\/uploads\/2014\/10\/8-Man-beachte-den-unglaublich-dreckigen-Po...-D1-576x1024.jpg\" alt=\"8 Man beachte den unglaublich dreckigen Po...;-D\" width=\"576\" height=\"1024\" srcset=\"https:\/\/www.travelworks.de\/blog\/wp-content\/uploads\/2014\/10\/8-Man-beachte-den-unglaublich-dreckigen-Po...-D1-576x1024.jpg 576w, https:\/\/www.travelworks.de\/blog\/wp-content\/uploads\/2014\/10\/8-Man-beachte-den-unglaublich-dreckigen-Po...-D1-168x300.jpg 168w, https:\/\/www.travelworks.de\/blog\/wp-content\/uploads\/2014\/10\/8-Man-beachte-den-unglaublich-dreckigen-Po...-D1.jpg 1000w\" sizes=\"auto, (max-width: 576px) 100vw, 576px\" \/><\/a><\/p>\n<p>2) Die entscheidende Frage, die sich dann nat\u00fcrlich stellte war: Von wo nach wo wollen wir eigentlich fahren? Wieviel H\u00f6henmeter trauen wir uns zu und wie viele Tage wollen wir unterwegs sein.<\/p>\n<p><a class=\"lightbox\" href=\"https:\/\/www.travelworks.de\/blog\/wp-content\/uploads\/2014\/10\/1-Wie-gesagt...erster-Tag-war-wetterm\u00e4\u00dfig-durchwachsen1.jpg\"><img loading=\"lazy\" decoding=\"async\" class=\"alignright wp-image-2184 size-medium\" src=\"https:\/\/www.travelworks.de\/blog\/wp-content\/uploads\/2014\/10\/1-Wie-gesagt...erster-Tag-war-wetterm\u00e4\u00dfig-durchwachsen1-300x168.jpg\" alt=\"1 Wie gesagt...erster Tag war wetterm\u00e4\u00dfig durchwachsen\" width=\"300\" height=\"168\" srcset=\"https:\/\/www.travelworks.de\/blog\/wp-content\/uploads\/2014\/10\/1-Wie-gesagt...erster-Tag-war-wetterm\u00e4\u00dfig-durchwachsen1-300x168.jpg 300w, https:\/\/www.travelworks.de\/blog\/wp-content\/uploads\/2014\/10\/1-Wie-gesagt...erster-Tag-war-wetterm\u00e4\u00dfig-durchwachsen1.jpg 1000w\" sizes=\"auto, (max-width: 300px) 100vw, 300px\" \/><\/a>Hierzu hatten wir im Internet recherchiert und diverse Websites und Foren gefunden. Es war recht schnell klar, dass wir <strong>von Garmisch-Partenkirchen bis zum Gardasee<\/strong> fahren wollten und das Ganze schien in 6 Tagen gut machbar zu sein. Jetzt blieb nur die Frage, wie genau stricken wir die Route, damit wir nicht \u00fcber- aber auch nicht unterfordert sind. Eine kleine Challenge sollte das ganze nat\u00fcrlich schon werden. Durch die Internetrecherche hatten wir diverse Zwischenpunkte gefunden, die wir gern befahren wollten. Die gr\u00f6\u00dfte Herausforderung sollte dann am dritten Tag auf uns zukommen. Hier wollten wir die Uina-Schlucht bezwingen. Ein MUSS f\u00fcr jeden Mountainbiker, der in den Alpen unterwegs ist. Das bedeutete allerdings: 1200hm auf 10km und das ist schon ne echte Hausnummer.<\/p>\n<figure id=\"attachment_2190\" aria-describedby=\"caption-attachment-2190\" style=\"width: 1000px\" class=\"wp-caption aligncenter\"><a class=\"lightbox\" href=\"https:\/\/www.travelworks.de\/blog\/wp-content\/uploads\/2014\/10\/17.jpg\"><img loading=\"lazy\" decoding=\"async\" class=\"wp-image-2190 size-full\" src=\"https:\/\/www.travelworks.de\/blog\/wp-content\/uploads\/2014\/10\/17.jpg\" alt=\"17\" width=\"1000\" height=\"750\" srcset=\"https:\/\/www.travelworks.de\/blog\/wp-content\/uploads\/2014\/10\/17.jpg 1000w, https:\/\/www.travelworks.de\/blog\/wp-content\/uploads\/2014\/10\/17-300x225.jpg 300w\" sizes=\"auto, (max-width: 1000px) 100vw, 1000px\" \/><\/a><figcaption id=\"caption-attachment-2190\" class=\"wp-caption-text\">Die Uina-Schlucht geh\u00f6rte zu den Highlights der Tour<\/figcaption><\/figure>\n<p>Letztendlich hatten wir eine GPS-Route gefunden, die passend war und die wir im Gro\u00dfen und Ganzen gut \u00fcbernehmen konnten. Die konnten wir runterladen und auf\u2019s Handy aufspielen, welches dann w\u00e4hrend der gesamten Tour als Navi diente. <a class=\"lightbox\" href=\"https:\/\/www.travelworks.de\/blog\/wp-content\/uploads\/2014\/10\/181.jpg\"><img loading=\"lazy\" decoding=\"async\" class=\"alignright wp-image-2191\" src=\"https:\/\/www.travelworks.de\/blog\/wp-content\/uploads\/2014\/10\/181-168x300.jpg\" alt=\"18\" width=\"280\" height=\"498\" srcset=\"https:\/\/www.travelworks.de\/blog\/wp-content\/uploads\/2014\/10\/181-168x300.jpg 168w, https:\/\/www.travelworks.de\/blog\/wp-content\/uploads\/2014\/10\/181-575x1024.jpg 575w\" sizes=\"auto, (max-width: 280px) 100vw, 280px\" \/><\/a>F\u00fcr den Uina-Tag hatten wir vorsichtshalber eine Alternativ-Route in petto, falls wir nach den ersten Tagen zu ersch\u00f6pft gewesen w\u00e4ren, um die Schlucht zu erklimmen.<\/p>\n<p>(Waren wir aber nicht :-), wir haben\u2019s die Steigung hoch (wenn auch teilweise mit Schieben) und <strong>durch die Uina-Schlucht hindurch geschafft und es war bombastisch!!<\/strong>)<\/p>\n<p>3) Und f\u00fcr uns ganz wichtig: Mitglied werden in der Bergrettung. <strong>Vorsorge ist das A und O<\/strong>. Man wei\u00df ja nie, was ein Aktivurlaub so mit sich bringt und wenn ganz oben, allein auf dem Berg, tats\u00e4chlich was Schlimmes passiert, ist man froh, dass man die 15.000\u20ac f\u00fcr den Heli nicht selber zahlen muss\u2026;-)&#8220;<\/p>\n<p><strong><img loading=\"lazy\" decoding=\"async\" class=\"alignleft wp-image-2186 size-medium\" src=\"https:\/\/www.travelworks.de\/blog\/wp-content\/uploads\/2014\/10\/31-300x225.jpg\" alt=\"3\" width=\"300\" height=\"225\" srcset=\"https:\/\/www.travelworks.de\/blog\/wp-content\/uploads\/2014\/10\/31-300x225.jpg 300w, https:\/\/www.travelworks.de\/blog\/wp-content\/uploads\/2014\/10\/31.jpg 1000w\" sizes=\"auto, (max-width: 300px) 100vw, 300px\" \/>Welche Strecke seid ihr gefahren?\u00a0<\/strong><\/p>\n<p>&#8222;Garmisch-Tarrenz-Nauders-Morter-Leifers-Mezzolombardo-Riva del Garda. Wir sind \u00fcbrigens mit dem Auto nach Garmisch, von dort mit dem MTB zum Gardasee, \u00a0mit dem Zug zur\u00fcck nach Garmisch und dann wieder mit dem Auto nach Hause.&#8220;<\/p>\n<p><a class=\"lightbox\" href=\"https:\/\/www.travelworks.de\/blog\/wp-content\/uploads\/2014\/10\/11-das-war-eher-harmlos.-Meist-gings-beidseitig-100m-runterohne-Gel\u00e4nder1.jpg\"><img loading=\"lazy\" decoding=\"async\" class=\"alignright wp-image-2189\" src=\"https:\/\/www.travelworks.de\/blog\/wp-content\/uploads\/2014\/10\/11-das-war-eher-harmlos.-Meist-gings-beidseitig-100m-runterohne-Gel\u00e4nder1-168x300.jpg\" alt=\"\" width=\"245\" height=\"435\" srcset=\"https:\/\/www.travelworks.de\/blog\/wp-content\/uploads\/2014\/10\/11-das-war-eher-harmlos.-Meist-gings-beidseitig-100m-runterohne-Gel\u00e4nder1-575x1024.jpg 575w, https:\/\/www.travelworks.de\/blog\/wp-content\/uploads\/2014\/10\/11-das-war-eher-harmlos.-Meist-gings-beidseitig-100m-runterohne-Gel\u00e4nder1.jpg 1000w\" sizes=\"auto, (max-width: 245px) 100vw, 245px\" \/><\/a><\/p>\n<p><strong>Wie viele Kilometer habt ihr am Tag geschafft?<\/strong><\/p>\n<p>&#8222;Unsere Tour hatte im Endeffekt eine Gesamtl\u00e4nge von 480km und 10.150hm. <strong>Pro Tag sind wir zwischen 62 und 117km und 1100 und 2200hm gefahren.<\/strong><\/p>\n<p>Wir hatten auch vorab bereits die Hotels an den entsprechenden Etappenzielen gebucht, sodass eine Verk\u00fcrzung oder Verl\u00e4ngerung nicht m\u00f6glich war. Das fanden wir aber auch ganz gut. Ich glaube, man k\u00f6nnte ansonsten schnell auf den Gedanken kommen \u201ePuh, ich kann nicht mehr, lass uns mal jetzt schon stoppen\u201c. Au\u00dferdem waren wir am Ende der Tagestour schon auch immer froh, direkt in das geplante Hotel zu k\u00f6nnen und nicht noch lang nach einer Unterkunft suchen zu m\u00fcssen.<\/p>\n<p>Zumal uns \u00e4u\u00dferst wichtig war, dass wir die Fahrr\u00e4der sicher unterbringen k\u00f6nnen.&#8220;<\/p>\n<p><strong>Wie sah euer typischer Tagesablauf auf der Tour aus?<\/strong><\/p>\n<p>&#8222;Aufstehen so 07:00Uhr, Fahrradklamotten anziehen, fr\u00fchst\u00fccken, Rucksack packen, Navi an und ab auf\u2019s Rad (sp\u00e4testens um 09:30Uhr).<\/p>\n<p><a class=\"lightbox\" href=\"https:\/\/www.travelworks.de\/blog\/wp-content\/uploads\/2014\/10\/41.jpg\"><img loading=\"lazy\" decoding=\"async\" class=\"alignleft wp-image-2187 size-medium\" src=\"https:\/\/www.travelworks.de\/blog\/wp-content\/uploads\/2014\/10\/41-168x300.jpg\" alt=\"4\" width=\"168\" height=\"300\" srcset=\"https:\/\/www.travelworks.de\/blog\/wp-content\/uploads\/2014\/10\/41-168x300.jpg 168w, https:\/\/www.travelworks.de\/blog\/wp-content\/uploads\/2014\/10\/41-576x1024.jpg 576w, https:\/\/www.travelworks.de\/blog\/wp-content\/uploads\/2014\/10\/41.jpg 1000w\" sizes=\"auto, (max-width: 168px) 100vw, 168px\" \/><\/a>W\u00e4hrend der Tour gab\u2019s immer eine etwas l\u00e4ngere Mittagspause (allerdings max. 1 Stunde) und mehrere kleine zum Essen, Trinken, Fotografieren oder einfach mal, um die Umgebung zu genie\u00dfen. Wir sind wirklich an vielen sch\u00f6nen Stellen vorbeigekommen, an denen ein kurzer Zwischenstopp einfach sein musste und den ersten Schnee hatten wir Anfang September dann auch schon gesehen\u2026:-)<\/p>\n<p>Nach Ankunft (meist zwischen 18:00 und 19:00Uhr) dann duschen, Klamotten durchwaschen, Abendessen, schlafen.&#8220;<\/p>\n<p><em>Das war der erste Streich &#8211; der zweite folgt sogleich. <a title=\"Mit dem Rad \u00fcber die Alpen (2\/2): Ein verschollener Ehering\" href=\"https:\/\/www.travelworks.de\/blog\/fahrrad-alpen.html\">Teil 2<\/a>: Von einem Unfall auf der Strecke und einem in den Alpen verschollenen Ehering \ud83d\ude09<\/em><\/p>\n","protected":false},"excerpt":{"rendered":"<p>F\u00fcr manch einen besteht der perfekte Urlaub aus einer oder gar zwei Woche am Strand liegen mit dem Anspruch, sich so wenig wie m\u00f6glich zu bewegen: Ausspannen, Abschalten, Faulenzen. Unsere Mitarbeiterin Bianca hat sich in ihrem Urlaub f\u00fcr das Kontrastprogramm entschieden &#8211; und hat in 6 Tagen mit dem Rad die Alpen \u00fcberquert. In Zahlen:\u00a0480 [&hellip;]<\/p>\n","protected":false},"author":1,"featured_media":2144,"comment_status":"open","ping_status":"open","sticky":false,"template":"","format":"standard","meta":{"footnotes":""},"categories":[6],"tags":[],"class_list":["post-2121","post","type-post","status-publish","format-standard","has-post-thumbnail","hentry","category-reiseberichte-europa"],"yoast_head":"<!-- This site is optimized with the Yoast SEO plugin v27.4 - https:\/\/yoast.com\/product\/yoast-seo-wordpress\/ -->\n<title>Mit dem Rad \u00fcber die Alpen (1\/2): 480 km in 6 Tagen<\/title>\n<meta name=\"description\" content=\"Mit dem Mountainbike \u00fcber die Alpen - eine verr\u00fcckte Idee? TravelWorks-Mitarbeiterin Bianca hat in 6 Tagen die Alpen und 480 km bezwungen.\" \/>\n<meta name=\"robots\" content=\"index, follow, max-snippet:-1, max-image-preview:large, max-video-preview:-1\" \/>\n<link rel=\"canonical\" href=\"https:\/\/www.travelworks.de\/blog\/radtour-alpen.html\" \/>\n<meta property=\"og:locale\" content=\"de_DE\" \/>\n<meta property=\"og:type\" content=\"article\" \/>\n<meta property=\"og:title\" content=\"Mit dem Rad \u00fcber die Alpen (1\/2): 480 km in 6 Tagen\" \/>\n<meta property=\"og:description\" content=\"Mit dem Mountainbike \u00fcber die Alpen - eine verr\u00fcckte Idee? TravelWorks-Mitarbeiterin Bianca hat in 6 Tagen die Alpen und 480 km bezwungen.\" \/>\n<meta property=\"og:url\" content=\"https:\/\/www.travelworks.de\/blog\/radtour-alpen.html\" \/>\n<meta property=\"og:site_name\" content=\"Entdecker Blog\" \/>\n<meta property=\"article:publisher\" content=\"https:\/\/de-de.facebook.com\/travelworks\" \/>\n<meta property=\"article:published_time\" content=\"2014-11-02T11:00:25+00:00\" \/>\n<meta property=\"article:modified_time\" content=\"2025-09-16T05:17:39+00:00\" \/>\n<meta property=\"og:image\" content=\"https:\/\/www.travelworks.de\/blog\/wp-content\/uploads\/2014\/10\/18-575x1024.jpg\" \/>\n\t<meta property=\"og:image:width\" content=\"575\" \/>\n\t<meta property=\"og:image:height\" content=\"1024\" \/>\n\t<meta property=\"og:image:type\" content=\"image\/jpeg\" \/>\n<meta name=\"author\" content=\"TravelWorks-Team\" \/>\n<meta name=\"twitter:label1\" content=\"Verfasst von\" \/>\n\t<meta name=\"twitter:data1\" content=\"TravelWorks-Team\" \/>\n\t<meta name=\"twitter:label2\" content=\"Gesch\u00e4tzte Lesezeit\" \/>\n\t<meta name=\"twitter:data2\" content=\"6\u00a0Minuten\" \/>\n<script type=\"application\/ld+json\" class=\"yoast-schema-graph\">{\"@context\":\"https:\\\/\\\/schema.org\",\"@graph\":[{\"@type\":\"Article\",\"@id\":\"https:\\\/\\\/www.travelworks.de\\\/blog\\\/radtour-alpen.html#article\",\"isPartOf\":{\"@id\":\"https:\\\/\\\/www.travelworks.de\\\/blog\\\/radtour-alpen.html\"},\"author\":{\"name\":\"TravelWorks-Team\",\"@id\":\"https:\\\/\\\/www.travelworks.de\\\/blog\\\/#\\\/schema\\\/person\\\/cf9e0894e2cc83ed42a061d7a08afc6a\"},\"headline\":\"Mit dem Rad \u00fcber die Alpen (1\\\/2): 480 km in 6 Tagen\",\"datePublished\":\"2014-11-02T11:00:25+00:00\",\"dateModified\":\"2025-09-16T05:17:39+00:00\",\"mainEntityOfPage\":{\"@id\":\"https:\\\/\\\/www.travelworks.de\\\/blog\\\/radtour-alpen.html\"},\"wordCount\":1152,\"commentCount\":4,\"publisher\":{\"@id\":\"https:\\\/\\\/www.travelworks.de\\\/blog\\\/#organization\"},\"image\":{\"@id\":\"https:\\\/\\\/www.travelworks.de\\\/blog\\\/radtour-alpen.html#primaryimage\"},\"thumbnailUrl\":\"https:\\\/\\\/www.travelworks.de\\\/blog\\\/wp-content\\\/uploads\\\/2014\\\/10\\\/18.jpg\",\"articleSection\":[\"Europa\"],\"inLanguage\":\"de\",\"potentialAction\":[{\"@type\":\"CommentAction\",\"name\":\"Comment\",\"target\":[\"https:\\\/\\\/www.travelworks.de\\\/blog\\\/radtour-alpen.html#respond\"]}]},{\"@type\":\"WebPage\",\"@id\":\"https:\\\/\\\/www.travelworks.de\\\/blog\\\/radtour-alpen.html\",\"url\":\"https:\\\/\\\/www.travelworks.de\\\/blog\\\/radtour-alpen.html\",\"name\":\"Mit dem Rad \u00fcber die Alpen (1\\\/2): 480 km in 6 Tagen\",\"isPartOf\":{\"@id\":\"https:\\\/\\\/www.travelworks.de\\\/blog\\\/#website\"},\"primaryImageOfPage\":{\"@id\":\"https:\\\/\\\/www.travelworks.de\\\/blog\\\/radtour-alpen.html#primaryimage\"},\"image\":{\"@id\":\"https:\\\/\\\/www.travelworks.de\\\/blog\\\/radtour-alpen.html#primaryimage\"},\"thumbnailUrl\":\"https:\\\/\\\/www.travelworks.de\\\/blog\\\/wp-content\\\/uploads\\\/2014\\\/10\\\/18.jpg\",\"datePublished\":\"2014-11-02T11:00:25+00:00\",\"dateModified\":\"2025-09-16T05:17:39+00:00\",\"description\":\"Mit dem Mountainbike \u00fcber die Alpen - eine verr\u00fcckte Idee? TravelWorks-Mitarbeiterin Bianca hat in 6 Tagen die Alpen und 480 km bezwungen.\",\"breadcrumb\":{\"@id\":\"https:\\\/\\\/www.travelworks.de\\\/blog\\\/radtour-alpen.html#breadcrumb\"},\"inLanguage\":\"de\",\"potentialAction\":[{\"@type\":\"ReadAction\",\"target\":[\"https:\\\/\\\/www.travelworks.de\\\/blog\\\/radtour-alpen.html\"]}]},{\"@type\":\"ImageObject\",\"inLanguage\":\"de\",\"@id\":\"https:\\\/\\\/www.travelworks.de\\\/blog\\\/radtour-alpen.html#primaryimage\",\"url\":\"https:\\\/\\\/www.travelworks.de\\\/blog\\\/wp-content\\\/uploads\\\/2014\\\/10\\\/18.jpg\",\"contentUrl\":\"https:\\\/\\\/www.travelworks.de\\\/blog\\\/wp-content\\\/uploads\\\/2014\\\/10\\\/18.jpg\",\"width\":2204,\"height\":3920},{\"@type\":\"BreadcrumbList\",\"@id\":\"https:\\\/\\\/www.travelworks.de\\\/blog\\\/radtour-alpen.html#breadcrumb\",\"itemListElement\":[{\"@type\":\"ListItem\",\"position\":1,\"name\":\"Start\",\"item\":\"https:\\\/\\\/www.travelworks.de\\\/blog\\\/\"},{\"@type\":\"ListItem\",\"position\":2,\"name\":\"Reiseziele\",\"item\":\"https:\\\/\\\/www.travelworks.de\\\/blog\\\/reiseziele\"},{\"@type\":\"ListItem\",\"position\":3,\"name\":\"Europa\",\"item\":\"https:\\\/\\\/www.travelworks.de\\\/blog\\\/reiseziele\\\/reiseberichte-europa\"},{\"@type\":\"ListItem\",\"position\":4,\"name\":\"Mit dem Rad \u00fcber die Alpen (1\\\/2): 480 km in 6 Tagen\"}]},{\"@type\":\"WebSite\",\"@id\":\"https:\\\/\\\/www.travelworks.de\\\/blog\\\/#website\",\"url\":\"https:\\\/\\\/www.travelworks.de\\\/blog\\\/\",\"name\":\"Entdecker Blog\",\"description\":\"by TravelWorks\",\"publisher\":{\"@id\":\"https:\\\/\\\/www.travelworks.de\\\/blog\\\/#organization\"},\"potentialAction\":[{\"@type\":\"SearchAction\",\"target\":{\"@type\":\"EntryPoint\",\"urlTemplate\":\"https:\\\/\\\/www.travelworks.de\\\/blog\\\/?s={search_term_string}\"},\"query-input\":{\"@type\":\"PropertyValueSpecification\",\"valueRequired\":true,\"valueName\":\"search_term_string\"}}],\"inLanguage\":\"de\"},{\"@type\":\"Organization\",\"@id\":\"https:\\\/\\\/www.travelworks.de\\\/blog\\\/#organization\",\"name\":\"Travelplus Group GmbH\",\"url\":\"https:\\\/\\\/www.travelworks.de\\\/blog\\\/\",\"logo\":{\"@type\":\"ImageObject\",\"inLanguage\":\"de\",\"@id\":\"https:\\\/\\\/www.travelworks.de\\\/blog\\\/#\\\/schema\\\/logo\\\/image\\\/\",\"url\":\"https:\\\/\\\/www.travelworks.de\\\/blog\\\/wp-content\\\/uploads\\\/2023\\\/02\\\/TravelWorks-Logo-farbig_pfad_0-20-100-0.png\",\"contentUrl\":\"https:\\\/\\\/www.travelworks.de\\\/blog\\\/wp-content\\\/uploads\\\/2023\\\/02\\\/TravelWorks-Logo-farbig_pfad_0-20-100-0.png\",\"width\":6503,\"height\":1090,\"caption\":\"Travelplus Group GmbH\"},\"image\":{\"@id\":\"https:\\\/\\\/www.travelworks.de\\\/blog\\\/#\\\/schema\\\/logo\\\/image\\\/\"},\"sameAs\":[\"https:\\\/\\\/de-de.facebook.com\\\/travelworks\"]},{\"@type\":\"Person\",\"@id\":\"https:\\\/\\\/www.travelworks.de\\\/blog\\\/#\\\/schema\\\/person\\\/cf9e0894e2cc83ed42a061d7a08afc6a\",\"name\":\"TravelWorks-Team\",\"description\":\"F\u00fcr das Team von TravelWorks hei\u00dft Reisen mehr als nur Tourist sein: Nicht auf der Oberfl\u00e4che schwimmen, sondern ins Geschehen eintauchen. Wir\u00a0sind\u00a0selber mehrere Jahre im Ausland gereist und geben unsere Erfahrungen gerne aus erster Hand an Euch weiter. Daher versorgen wir Euch hier mit spannenden Artikeln sowie\u00a0hilfreichen Informationen zur Vor- und Nachbereitung Eures Auslandsaufenthaltes und verhelfen Euch so\u00a0zu einem unvergesslichen Abenteuer.\",\"sameAs\":[\"https:\\\/\\\/travelworks.de\\\/blog\"],\"url\":\"https:\\\/\\\/www.travelworks.de\\\/blog\\\/author\\\/entdecker2013\"}]}<\/script>\n<!-- \/ Yoast SEO plugin. -->","yoast_head_json":{"title":"Mit dem Rad \u00fcber die Alpen (1\/2): 480 km in 6 Tagen","description":"Mit dem Mountainbike \u00fcber die Alpen - eine verr\u00fcckte Idee? TravelWorks-Mitarbeiterin Bianca hat in 6 Tagen die Alpen und 480 km bezwungen.","robots":{"index":"index","follow":"follow","max-snippet":"max-snippet:-1","max-image-preview":"max-image-preview:large","max-video-preview":"max-video-preview:-1"},"canonical":"https:\/\/www.travelworks.de\/blog\/radtour-alpen.html","og_locale":"de_DE","og_type":"article","og_title":"Mit dem Rad \u00fcber die Alpen (1\/2): 480 km in 6 Tagen","og_description":"Mit dem Mountainbike \u00fcber die Alpen - eine verr\u00fcckte Idee? TravelWorks-Mitarbeiterin Bianca hat in 6 Tagen die Alpen und 480 km bezwungen.","og_url":"https:\/\/www.travelworks.de\/blog\/radtour-alpen.html","og_site_name":"Entdecker Blog","article_publisher":"https:\/\/de-de.facebook.com\/travelworks","article_published_time":"2014-11-02T11:00:25+00:00","article_modified_time":"2025-09-16T05:17:39+00:00","og_image":[{"width":575,"height":1024,"url":"https:\/\/www.travelworks.de\/blog\/wp-content\/uploads\/2014\/10\/18-575x1024.jpg","type":"image\/jpeg"}],"author":"TravelWorks-Team","twitter_misc":{"Verfasst von":"TravelWorks-Team","Gesch\u00e4tzte Lesezeit":"6\u00a0Minuten"},"schema":{"@context":"https:\/\/schema.org","@graph":[{"@type":"Article","@id":"https:\/\/www.travelworks.de\/blog\/radtour-alpen.html#article","isPartOf":{"@id":"https:\/\/www.travelworks.de\/blog\/radtour-alpen.html"},"author":{"name":"TravelWorks-Team","@id":"https:\/\/www.travelworks.de\/blog\/#\/schema\/person\/cf9e0894e2cc83ed42a061d7a08afc6a"},"headline":"Mit dem Rad \u00fcber die Alpen (1\/2): 480 km in 6 Tagen","datePublished":"2014-11-02T11:00:25+00:00","dateModified":"2025-09-16T05:17:39+00:00","mainEntityOfPage":{"@id":"https:\/\/www.travelworks.de\/blog\/radtour-alpen.html"},"wordCount":1152,"commentCount":4,"publisher":{"@id":"https:\/\/www.travelworks.de\/blog\/#organization"},"image":{"@id":"https:\/\/www.travelworks.de\/blog\/radtour-alpen.html#primaryimage"},"thumbnailUrl":"https:\/\/www.travelworks.de\/blog\/wp-content\/uploads\/2014\/10\/18.jpg","articleSection":["Europa"],"inLanguage":"de","potentialAction":[{"@type":"CommentAction","name":"Comment","target":["https:\/\/www.travelworks.de\/blog\/radtour-alpen.html#respond"]}]},{"@type":"WebPage","@id":"https:\/\/www.travelworks.de\/blog\/radtour-alpen.html","url":"https:\/\/www.travelworks.de\/blog\/radtour-alpen.html","name":"Mit dem Rad \u00fcber die Alpen (1\/2): 480 km in 6 Tagen","isPartOf":{"@id":"https:\/\/www.travelworks.de\/blog\/#website"},"primaryImageOfPage":{"@id":"https:\/\/www.travelworks.de\/blog\/radtour-alpen.html#primaryimage"},"image":{"@id":"https:\/\/www.travelworks.de\/blog\/radtour-alpen.html#primaryimage"},"thumbnailUrl":"https:\/\/www.travelworks.de\/blog\/wp-content\/uploads\/2014\/10\/18.jpg","datePublished":"2014-11-02T11:00:25+00:00","dateModified":"2025-09-16T05:17:39+00:00","description":"Mit dem Mountainbike \u00fcber die Alpen - eine verr\u00fcckte Idee? TravelWorks-Mitarbeiterin Bianca hat in 6 Tagen die Alpen und 480 km bezwungen.","breadcrumb":{"@id":"https:\/\/www.travelworks.de\/blog\/radtour-alpen.html#breadcrumb"},"inLanguage":"de","potentialAction":[{"@type":"ReadAction","target":["https:\/\/www.travelworks.de\/blog\/radtour-alpen.html"]}]},{"@type":"ImageObject","inLanguage":"de","@id":"https:\/\/www.travelworks.de\/blog\/radtour-alpen.html#primaryimage","url":"https:\/\/www.travelworks.de\/blog\/wp-content\/uploads\/2014\/10\/18.jpg","contentUrl":"https:\/\/www.travelworks.de\/blog\/wp-content\/uploads\/2014\/10\/18.jpg","width":2204,"height":3920},{"@type":"BreadcrumbList","@id":"https:\/\/www.travelworks.de\/blog\/radtour-alpen.html#breadcrumb","itemListElement":[{"@type":"ListItem","position":1,"name":"Start","item":"https:\/\/www.travelworks.de\/blog\/"},{"@type":"ListItem","position":2,"name":"Reiseziele","item":"https:\/\/www.travelworks.de\/blog\/reiseziele"},{"@type":"ListItem","position":3,"name":"Europa","item":"https:\/\/www.travelworks.de\/blog\/reiseziele\/reiseberichte-europa"},{"@type":"ListItem","position":4,"name":"Mit dem Rad \u00fcber die Alpen (1\/2): 480 km in 6 Tagen"}]},{"@type":"WebSite","@id":"https:\/\/www.travelworks.de\/blog\/#website","url":"https:\/\/www.travelworks.de\/blog\/","name":"Entdecker Blog","description":"by TravelWorks","publisher":{"@id":"https:\/\/www.travelworks.de\/blog\/#organization"},"potentialAction":[{"@type":"SearchAction","target":{"@type":"EntryPoint","urlTemplate":"https:\/\/www.travelworks.de\/blog\/?s={search_term_string}"},"query-input":{"@type":"PropertyValueSpecification","valueRequired":true,"valueName":"search_term_string"}}],"inLanguage":"de"},{"@type":"Organization","@id":"https:\/\/www.travelworks.de\/blog\/#organization","name":"Travelplus Group GmbH","url":"https:\/\/www.travelworks.de\/blog\/","logo":{"@type":"ImageObject","inLanguage":"de","@id":"https:\/\/www.travelworks.de\/blog\/#\/schema\/logo\/image\/","url":"https:\/\/www.travelworks.de\/blog\/wp-content\/uploads\/2023\/02\/TravelWorks-Logo-farbig_pfad_0-20-100-0.png","contentUrl":"https:\/\/www.travelworks.de\/blog\/wp-content\/uploads\/2023\/02\/TravelWorks-Logo-farbig_pfad_0-20-100-0.png","width":6503,"height":1090,"caption":"Travelplus Group GmbH"},"image":{"@id":"https:\/\/www.travelworks.de\/blog\/#\/schema\/logo\/image\/"},"sameAs":["https:\/\/de-de.facebook.com\/travelworks"]},{"@type":"Person","@id":"https:\/\/www.travelworks.de\/blog\/#\/schema\/person\/cf9e0894e2cc83ed42a061d7a08afc6a","name":"TravelWorks-Team","description":"F\u00fcr das Team von TravelWorks hei\u00dft Reisen mehr als nur Tourist sein: Nicht auf der Oberfl\u00e4che schwimmen, sondern ins Geschehen eintauchen. Wir\u00a0sind\u00a0selber mehrere Jahre im Ausland gereist und geben unsere Erfahrungen gerne aus erster Hand an Euch weiter. Daher versorgen wir Euch hier mit spannenden Artikeln sowie\u00a0hilfreichen Informationen zur Vor- und Nachbereitung Eures Auslandsaufenthaltes und verhelfen Euch so\u00a0zu einem unvergesslichen Abenteuer.","sameAs":["https:\/\/travelworks.de\/blog"],"url":"https:\/\/www.travelworks.de\/blog\/author\/entdecker2013"}]}},"_links":{"self":[{"href":"https:\/\/www.travelworks.de\/blog\/wp-json\/wp\/v2\/posts\/2121","targetHints":{"allow":["GET"]}}],"collection":[{"href":"https:\/\/www.travelworks.de\/blog\/wp-json\/wp\/v2\/posts"}],"about":[{"href":"https:\/\/www.travelworks.de\/blog\/wp-json\/wp\/v2\/types\/post"}],"author":[{"embeddable":true,"href":"https:\/\/www.travelworks.de\/blog\/wp-json\/wp\/v2\/users\/1"}],"replies":[{"embeddable":true,"href":"https:\/\/www.travelworks.de\/blog\/wp-json\/wp\/v2\/comments?post=2121"}],"version-history":[{"count":58,"href":"https:\/\/www.travelworks.de\/blog\/wp-json\/wp\/v2\/posts\/2121\/revisions"}],"predecessor-version":[{"id":2239,"href":"https:\/\/www.travelworks.de\/blog\/wp-json\/wp\/v2\/posts\/2121\/revisions\/2239"}],"wp:featuredmedia":[{"embeddable":true,"href":"https:\/\/www.travelworks.de\/blog\/wp-json\/wp\/v2\/media\/2144"}],"wp:attachment":[{"href":"https:\/\/www.travelworks.de\/blog\/wp-json\/wp\/v2\/media?parent=2121"}],"wp:term":[{"taxonomy":"category","embeddable":true,"href":"https:\/\/www.travelworks.de\/blog\/wp-json\/wp\/v2\/categories?post=2121"},{"taxonomy":"post_tag","embeddable":true,"href":"https:\/\/www.travelworks.de\/blog\/wp-json\/wp\/v2\/tags?post=2121"}],"curies":[{"name":"wp","href":"https:\/\/api.w.org\/{rel}","templated":true}]}}