{"id":5055,"date":"2016-02-12T09:46:38","date_gmt":"2016-02-12T08:46:38","guid":{"rendered":"https:\/\/www.travelworks.de\/blog\/?p=5055"},"modified":"2025-09-16T07:00:36","modified_gmt":"2025-09-16T05:00:36","slug":"auf-ein-pinxto-pote-in-san-sebastian","status":"publish","type":"post","link":"https:\/\/www.travelworks.de\/blog\/auf-ein-pinxto-pote-in-san-sebastian.html","title":{"rendered":"Auf ein \u201ePinxto-Pote\u201c in San Sebasti\u00e1n"},"content":{"rendered":"<p><strong>San Sebasti\u00e1n tr\u00e4gt\u00a0neben Breslau in diesem Jahr den Titel<a href=\"https:\/\/www.travelworks.de\/blog\/san-sebastian-europas-kulturhauptstadt-2016.html\" target=\"_blank\" rel=\"noopener noreferrer\"> &#8222;Kulturhauptstadt des Jahres 2016&#8220;<\/a>. Die Stadt, im Baskischen auch Donostia genannt, liegt im Norden Spaniens an der Bucht &#8222;La Concha&#8220; und l\u00e4dt zum Baden, Surfen und Entspannen ein. Auch wenn die\u00a0Auszeichnung zahlreiche Touristen anlocken wird, bleibt das Fischerst\u00e4dtchen eine perfekte Destination, um unter Einheimischen Spanisch zu lernen. So entschied sich auch Sonja f\u00fcr eine Sprachreise nach San Sebasti\u00e1n. \u00a0\u00a0<\/strong><\/p>\n<p>&#8222;Im M\u00e4rz 2015 war es so weit und ich machte mich auf den Weg zu einer weiteren Sprachreise, da meine Spanischkenntnisse wieder einmal einen kleinen Schub ben\u00f6tigten. Nachdem es mich knapp zwei Jahren zuvor nach Andalusien in das sch\u00f6ne C\u00e1diz verschlagen hatte, ging es nun ins Baskenland ganz im Norden von Spanien &#8211; das bei Surfern und Gourmets gleicherma\u00dfen bekannte San Sebasti\u00e1n war mein Ziel!<\/p>\n<p><a class=\"lightbox\" href=\"https:\/\/www.travelworks.de\/blog\/wp-content\/uploads\/2016\/02\/ayutamiento-klein.jpg\" rel=\"attachment wp-att-5059\"><img loading=\"lazy\" decoding=\"async\" class=\"alignright size-medium wp-image-5059\" src=\"https:\/\/www.travelworks.de\/blog\/wp-content\/uploads\/2016\/02\/ayutamiento-klein-300x200.jpg\" alt=\"ayutamiento-klein\" width=\"300\" height=\"200\" srcset=\"https:\/\/www.travelworks.de\/blog\/wp-content\/uploads\/2016\/02\/ayutamiento-klein-300x200.jpg 300w, https:\/\/www.travelworks.de\/blog\/wp-content\/uploads\/2016\/02\/ayutamiento-klein.jpg 750w\" sizes=\"auto, (max-width: 300px) 100vw, 300px\" \/><\/a>Dank des Direktflugs von D\u00fcsseldorf nach Bilbao und dem Shuttle-Bus, der mich schnurstracks nach San Sebasti\u00e1n \u2013 von den Basken Donostia genannt &#8211; brachte, hielten sich die Reisestrapazen in Grenzen und so kam ich sonntagsabends gut gelaunt an. Ich entschied mich, die Strecke zu meiner Unterkunft zu Fu\u00df zur\u00fcckzulegen, um so ein erstes Gef\u00fchl f\u00fcr die Stadt zu bekommen. Schon nach ein paar Metern kam mir alles etwas \u201efranz\u00f6sisch\u201c vor \u2013 kein Wunder, wenn die franz\u00f6sische Grenze ja nur knappe 20 km entfernt ist. \u00dcber den R\u00edo Urumea ging es dann in mein Stadtviertel \u201eGros\u201c, welches unmittelbar an einem der beiden Stadtstr\u00e4nde liegt und bekannt ist f\u00fcr sein \u201ePinxto-Pote\u201c. In hatte mich f\u00fcr die Unterbringung in einer WG entschieden und wurde dort von meiner Mitbewohnerin und Eigent\u00fcmerin der Wohnung empfangen, die mir direkt den besten \u201eSchulweg\u201c erkl\u00e4rte und die unmittelbare Nachbarschaft inkl. der wichtigsten Gesch\u00e4fte zeigte.<\/p>\n<p><a class=\"lightbox\" href=\"https:\/\/www.travelworks.de\/blog\/wp-content\/uploads\/2016\/02\/altstadt-blick-auf-buen-pastor-klein.jpg\" rel=\"attachment wp-att-5058\"><img loading=\"lazy\" decoding=\"async\" class=\"alignleft size-medium wp-image-5058\" src=\"https:\/\/www.travelworks.de\/blog\/wp-content\/uploads\/2016\/02\/altstadt-blick-auf-buen-pastor-klein-200x300.jpg\" alt=\"altstadt-blick-auf-buen-pastor-klein\" width=\"200\" height=\"300\" srcset=\"https:\/\/www.travelworks.de\/blog\/wp-content\/uploads\/2016\/02\/altstadt-blick-auf-buen-pastor-klein-200x300.jpg 200w, https:\/\/www.travelworks.de\/blog\/wp-content\/uploads\/2016\/02\/altstadt-blick-auf-buen-pastor-klein.jpg 500w\" sizes=\"auto, (max-width: 200px) 100vw, 200px\" \/><\/a>Am n\u00e4chsten Morgen st\u00e4rkte ich mich kurz in der B\u00e4ckerei direkt neben der Wohnung und machte mich dann bestens informiert und ohne Umwege auf den Weg zur Sprachschule, wo der Tag mit dem Einstufungstest begann. Nach einem kurzen schriftlichen und m\u00fcndlichen Test wurde ich dann zusammen mit zwei weiteren Novizinnen dem Kurs von Rosa und Dadi zugewiesen, dessen hohes Niveau mich anfangs doch etwas erschrak. Dann jedoch war ich sehr froh \u00fcber diese Einstufung, da ich gut gefordert wurde und in einer Woche immens viel lernte. Auch den Aufbau des Kurses, beginnend mit zwei Stunden Unterricht bei Rosa gefolgt von zwei weiteren Stunden bei Dadi, fand ich nicht nur sehr abwechslungsreich und lebendig, er war auch extrem kurzweilig, da die Unterrichtseinheiten thematisch vollkommen unabh\u00e4ngig voneinander waren.<\/p>\n<p><a class=\"lightbox\" href=\"https:\/\/www.travelworks.de\/blog\/wp-content\/uploads\/2016\/02\/IMG_0717-klein.jpg\" rel=\"attachment wp-att-5082\"><img loading=\"lazy\" decoding=\"async\" class=\"alignright size-medium wp-image-5082\" src=\"https:\/\/www.travelworks.de\/blog\/wp-content\/uploads\/2016\/02\/IMG_0717-klein-300x200.jpg\" alt=\"IMG_0717-klein\" width=\"300\" height=\"200\" srcset=\"https:\/\/www.travelworks.de\/blog\/wp-content\/uploads\/2016\/02\/IMG_0717-klein-300x200.jpg 300w, https:\/\/www.travelworks.de\/blog\/wp-content\/uploads\/2016\/02\/IMG_0717-klein.jpg 750w\" sizes=\"auto, (max-width: 300px) 100vw, 300px\" \/><\/a>Abgerundet wurde dieser Unterricht dann noch von einer Stunde Einzelunterricht bei Esther, die mit mir geduldig nochmals all das vertiefte, wo sich in den beiden Kursen zuvor L\u00fccken aufgetan hatten. Damit h\u00f6rte es aber nicht auf, denn Hausaufgaben standen ebenfalls auf der Agenda. Diese fielen z.T. recht umfangreich aus und da mir nach 5 Stunden Unterricht das Denken bereits schwer fiel, war ich zun\u00e4chst etwas skeptisch, schlie\u00dflich musste ja auch noch Zeit f\u00fcr die Erkundung von Donostia bleiben. Schnell merkte ich jedoch auch hier, wie sehr mich diese \u201eNachbereitung\u201c des Unterrichts sprachlich weiterbrachte. Was f\u00fcr einen Unterschied macht also schon eine Stunde Schlaf mehr oder weniger?!<\/p>\n<p><a class=\"lightbox\" href=\"https:\/\/www.travelworks.de\/blog\/wp-content\/uploads\/2016\/02\/IMG_0473-klein.jpg\" rel=\"attachment wp-att-5070\"><img loading=\"lazy\" decoding=\"async\" class=\"alignleft size-medium wp-image-5070\" src=\"https:\/\/www.travelworks.de\/blog\/wp-content\/uploads\/2016\/02\/IMG_0473-klein-300x200.jpg\" alt=\"IMG_0473-klein\" width=\"300\" height=\"200\" srcset=\"https:\/\/www.travelworks.de\/blog\/wp-content\/uploads\/2016\/02\/IMG_0473-klein-300x200.jpg 300w, https:\/\/www.travelworks.de\/blog\/wp-content\/uploads\/2016\/02\/IMG_0473-klein.jpg 750w\" sizes=\"auto, (max-width: 300px) 100vw, 300px\" \/><\/a>So nutze ich dann also die freien Nachmittage und Abende, um die Stadt zu erkunden. Los ging es mit der von der Sprachschule organisierten Stadtf\u00fchrung, die perfekt war f\u00fcr eine erste Orientierung und noch viel mehr, um andere Sch\u00fcler der Sprachschule kennenzulernen \u2013 auch au\u00dferhalb des eigenen Kurses. In den n\u00e4chsten Tagen kehrte ich noch diverse Male in das Stadtzentrum zur\u00fcck. Ich erkundete das Stadtmuseum San Telmo, die Pinxto-Bars in der Altstadt, erklomm den Monte Urgull, um am einzig sonnigen Tag den Ausblick auf die Bucht zu genie\u00dfen, nahm am Ausflug nach Hondarr\u00edbia an der franz\u00f6sischen Grenze teil und zog beim legend\u00e4ren, vor allem bei Studenten beliebten \u201ePinxto-Pote\u201c (ein Pinxto, ein Bier oder Wein f\u00fcr 2 \u20ac) durch die Bars von Gros. Den kr\u00f6nenden Abschluss bildete freitagsabends eine Pinxto-Tour durch die Altstadt zusammen mit einigen anderen Kursteilnehmern. Neben gutem Wein gab es die absolut besten Pinxtos der Reise z.B. im \u201cLa Cuchara de San Telmo\u201d, von denen man schlichtweg nicht genug bekommen konnte. Viel wichtiger war jedoch das Erfolgserlebnis, sich den kompletten Abend ohne gro\u00dfartiges Nachdenken nahezu flie\u00dfend und vollkommen ungehemmt auf Spanisch \u00fcber Gott und die Welt unterhalten zu k\u00f6nnen. Das w\u00e4re zu Beginn der Woche nicht m\u00f6glich gewesen.<\/p>\n<p><a class=\"lightbox\" href=\"https:\/\/www.travelworks.de\/blog\/wp-content\/uploads\/2016\/02\/blick-auf-playa-zuriolla-gros-klein.jpg\" rel=\"attachment wp-att-5060\"><img loading=\"lazy\" decoding=\"async\" class=\"alignright size-medium wp-image-5060\" src=\"https:\/\/www.travelworks.de\/blog\/wp-content\/uploads\/2016\/02\/blick-auf-playa-zuriolla-gros-klein-300x200.jpg\" alt=\"blick-auf-playa-zuriolla-gros-klein\" width=\"300\" height=\"200\" srcset=\"https:\/\/www.travelworks.de\/blog\/wp-content\/uploads\/2016\/02\/blick-auf-playa-zuriolla-gros-klein-300x200.jpg 300w, https:\/\/www.travelworks.de\/blog\/wp-content\/uploads\/2016\/02\/blick-auf-playa-zuriolla-gros-klein.jpg 750w\" sizes=\"auto, (max-width: 300px) 100vw, 300px\" \/><\/a>Der Wettergott war in diesem Urlaub leider nicht auf meiner Seite und dennoch war ich auch von dieser Sprachreise rundum begeistert! Die Sprachschule ist wirklich klasse und total famili\u00e4r, alle Mitarbeiter waren unglaublich nett, der Unterricht intensiv und abwechslungsreich zugleich und San Sebastian mit seiner sch\u00f6nen Altstadt, den traumhaften Str\u00e4nden und grandiosen Pinxto-Bars ein rundherum tolles Ziel. F\u00fcr mich steht fest, dass ich in jedem Fall nochmal ins sch\u00f6ne Baskenland reisen werde, mit dem Regenschirm und der Hoffnung im Gep\u00e4ck, diesen nicht zu ben\u00f6tigen!&#8220;<\/p>\n<p><em>Du m\u00f6chtest in der Kulturhauptstadt 2016 Dein Spanisch verbessern? Dann informiere dich <a href=\"https:\/\/www.travelworks.de\/sprachreisen\/spanien\/san-sebastian.html\" target=\"_blank\" rel=\"noopener noreferrer\">hier<\/a> \u00fcber eine Sprachreise nach San Sebasti\u00e1n.<\/em><\/p>\n<div><\/div>\n<p><em>Dieser Artikel ist Teil der Reihe <a href=\"https:\/\/www.travelworks.de\/blog\/tag\/travelworks-loves-spain\">\u201eTravelWorks loves Spain\u201c.<\/a><\/em><\/p>\n","protected":false},"excerpt":{"rendered":"<p>San Sebasti\u00e1n tr\u00e4gt\u00a0neben Breslau in diesem Jahr den Titel &#8222;Kulturhauptstadt des Jahres 2016&#8220;. Die Stadt, im Baskischen auch Donostia genannt, liegt im Norden Spaniens an der Bucht &#8222;La Concha&#8220; und l\u00e4dt zum Baden, Surfen und Entspannen ein. Auch wenn die\u00a0Auszeichnung zahlreiche Touristen anlocken wird, bleibt das Fischerst\u00e4dtchen eine perfekte Destination, um unter Einheimischen Spanisch zu [&hellip;]<\/p>\n","protected":false},"author":14,"featured_media":0,"comment_status":"open","ping_status":"open","sticky":false,"template":"","format":"standard","meta":{"footnotes":""},"categories":[6,1814],"tags":[984,172,974],"class_list":["post-5055","post","type-post","status-publish","format-standard","hentry","category-reiseberichte-europa","category-sprachreisen","tag-sprachferien","tag-sprachreise","tag-travelworks-loves-spain"],"yoast_head":"<!-- This site is optimized with the Yoast SEO plugin v27.4 - https:\/\/yoast.com\/product\/yoast-seo-wordpress\/ -->\n<title>Auf ein \u201ePinxto-Pote\u201c in San Sebasti\u00e1n - Entdecker Blog<\/title>\n<meta name=\"description\" content=\"San Sebasti\u00e1n, Kulturhauptstadt 2016, ist ein beliebter Zielort f\u00fcr Spanisch-Sprachreisen. Lest hier von Sonjas Erfahrungen w\u00e4hrend ihres Sprachaufenthaltes.\" \/>\n<meta name=\"robots\" content=\"index, follow, max-snippet:-1, max-image-preview:large, max-video-preview:-1\" \/>\n<link rel=\"canonical\" href=\"https:\/\/www.travelworks.de\/blog\/auf-ein-pinxto-pote-in-san-sebastian.html\" \/>\n<meta property=\"og:locale\" content=\"de_DE\" \/>\n<meta property=\"og:type\" content=\"article\" \/>\n<meta property=\"og:title\" content=\"Auf ein \u201ePinxto-Pote\u201c in San Sebasti\u00e1n - Entdecker Blog\" \/>\n<meta property=\"og:description\" content=\"San Sebasti\u00e1n, Kulturhauptstadt 2016, ist ein beliebter Zielort f\u00fcr Spanisch-Sprachreisen. Lest hier von Sonjas Erfahrungen w\u00e4hrend ihres Sprachaufenthaltes.\" \/>\n<meta property=\"og:url\" content=\"https:\/\/www.travelworks.de\/blog\/auf-ein-pinxto-pote-in-san-sebastian.html\" \/>\n<meta property=\"og:site_name\" content=\"Entdecker Blog\" \/>\n<meta property=\"article:publisher\" content=\"https:\/\/de-de.facebook.com\/travelworks\" \/>\n<meta property=\"article:published_time\" content=\"2016-02-12T08:46:38+00:00\" \/>\n<meta property=\"article:modified_time\" content=\"2025-09-16T05:00:36+00:00\" \/>\n<meta property=\"og:image\" content=\"https:\/\/www.travelworks.de\/blog\/wp-content\/uploads\/2016\/02\/ayutamiento-klein.jpg\" \/>\n\t<meta property=\"og:image:width\" content=\"750\" \/>\n\t<meta property=\"og:image:height\" content=\"500\" \/>\n\t<meta property=\"og:image:type\" content=\"image\/jpeg\" \/>\n<meta name=\"author\" content=\"Steffi Stadon\" \/>\n<meta name=\"twitter:label1\" content=\"Verfasst von\" \/>\n\t<meta name=\"twitter:data1\" content=\"Steffi Stadon\" \/>\n\t<meta name=\"twitter:label2\" content=\"Gesch\u00e4tzte Lesezeit\" \/>\n\t<meta name=\"twitter:data2\" content=\"6\u00a0Minuten\" \/>\n<script type=\"application\/ld+json\" class=\"yoast-schema-graph\">{\"@context\":\"https:\\\/\\\/schema.org\",\"@graph\":[{\"@type\":\"Article\",\"@id\":\"https:\\\/\\\/www.travelworks.de\\\/blog\\\/auf-ein-pinxto-pote-in-san-sebastian.html#article\",\"isPartOf\":{\"@id\":\"https:\\\/\\\/www.travelworks.de\\\/blog\\\/auf-ein-pinxto-pote-in-san-sebastian.html\"},\"author\":{\"name\":\"Steffi Stadon\",\"@id\":\"https:\\\/\\\/www.travelworks.de\\\/blog\\\/#\\\/schema\\\/person\\\/217a10613be5b617ec5929a9f1609526\"},\"headline\":\"Auf ein \u201ePinxto-Pote\u201c in San Sebasti\u00e1n\",\"datePublished\":\"2016-02-12T08:46:38+00:00\",\"dateModified\":\"2025-09-16T05:00:36+00:00\",\"mainEntityOfPage\":{\"@id\":\"https:\\\/\\\/www.travelworks.de\\\/blog\\\/auf-ein-pinxto-pote-in-san-sebastian.html\"},\"wordCount\":888,\"commentCount\":0,\"publisher\":{\"@id\":\"https:\\\/\\\/www.travelworks.de\\\/blog\\\/#organization\"},\"image\":{\"@id\":\"https:\\\/\\\/www.travelworks.de\\\/blog\\\/auf-ein-pinxto-pote-in-san-sebastian.html#primaryimage\"},\"thumbnailUrl\":\"https:\\\/\\\/www.travelworks.de\\\/blog\\\/wp-content\\\/uploads\\\/2016\\\/02\\\/ayutamiento-klein-300x200.jpg\",\"keywords\":[\"Sprachferien\",\"Sprachreise\",\"TravelWorks loves Spain\"],\"articleSection\":[\"Europa\",\"Sprachreisen\"],\"inLanguage\":\"de\",\"potentialAction\":[{\"@type\":\"CommentAction\",\"name\":\"Comment\",\"target\":[\"https:\\\/\\\/www.travelworks.de\\\/blog\\\/auf-ein-pinxto-pote-in-san-sebastian.html#respond\"]}]},{\"@type\":\"WebPage\",\"@id\":\"https:\\\/\\\/www.travelworks.de\\\/blog\\\/auf-ein-pinxto-pote-in-san-sebastian.html\",\"url\":\"https:\\\/\\\/www.travelworks.de\\\/blog\\\/auf-ein-pinxto-pote-in-san-sebastian.html\",\"name\":\"Auf ein \u201ePinxto-Pote\u201c in San Sebasti\u00e1n - Entdecker Blog\",\"isPartOf\":{\"@id\":\"https:\\\/\\\/www.travelworks.de\\\/blog\\\/#website\"},\"primaryImageOfPage\":{\"@id\":\"https:\\\/\\\/www.travelworks.de\\\/blog\\\/auf-ein-pinxto-pote-in-san-sebastian.html#primaryimage\"},\"image\":{\"@id\":\"https:\\\/\\\/www.travelworks.de\\\/blog\\\/auf-ein-pinxto-pote-in-san-sebastian.html#primaryimage\"},\"thumbnailUrl\":\"https:\\\/\\\/www.travelworks.de\\\/blog\\\/wp-content\\\/uploads\\\/2016\\\/02\\\/ayutamiento-klein-300x200.jpg\",\"datePublished\":\"2016-02-12T08:46:38+00:00\",\"dateModified\":\"2025-09-16T05:00:36+00:00\",\"description\":\"San Sebasti\u00e1n, Kulturhauptstadt 2016, ist ein beliebter Zielort f\u00fcr Spanisch-Sprachreisen. Lest hier von Sonjas Erfahrungen w\u00e4hrend ihres Sprachaufenthaltes.\",\"breadcrumb\":{\"@id\":\"https:\\\/\\\/www.travelworks.de\\\/blog\\\/auf-ein-pinxto-pote-in-san-sebastian.html#breadcrumb\"},\"inLanguage\":\"de\",\"potentialAction\":[{\"@type\":\"ReadAction\",\"target\":[\"https:\\\/\\\/www.travelworks.de\\\/blog\\\/auf-ein-pinxto-pote-in-san-sebastian.html\"]}]},{\"@type\":\"ImageObject\",\"inLanguage\":\"de\",\"@id\":\"https:\\\/\\\/www.travelworks.de\\\/blog\\\/auf-ein-pinxto-pote-in-san-sebastian.html#primaryimage\",\"url\":\"https:\\\/\\\/www.travelworks.de\\\/blog\\\/wp-content\\\/uploads\\\/2016\\\/02\\\/ayutamiento-klein-300x200.jpg\",\"contentUrl\":\"https:\\\/\\\/www.travelworks.de\\\/blog\\\/wp-content\\\/uploads\\\/2016\\\/02\\\/ayutamiento-klein-300x200.jpg\"},{\"@type\":\"BreadcrumbList\",\"@id\":\"https:\\\/\\\/www.travelworks.de\\\/blog\\\/auf-ein-pinxto-pote-in-san-sebastian.html#breadcrumb\",\"itemListElement\":[{\"@type\":\"ListItem\",\"position\":1,\"name\":\"Start\",\"item\":\"https:\\\/\\\/www.travelworks.de\\\/blog\\\/\"},{\"@type\":\"ListItem\",\"position\":2,\"name\":\"Reiseziele\",\"item\":\"https:\\\/\\\/www.travelworks.de\\\/blog\\\/reiseziele\"},{\"@type\":\"ListItem\",\"position\":3,\"name\":\"Europa\",\"item\":\"https:\\\/\\\/www.travelworks.de\\\/blog\\\/reiseziele\\\/reiseberichte-europa\"},{\"@type\":\"ListItem\",\"position\":4,\"name\":\"Auf ein \u201ePinxto-Pote\u201c in San Sebasti\u00e1n\"}]},{\"@type\":\"WebSite\",\"@id\":\"https:\\\/\\\/www.travelworks.de\\\/blog\\\/#website\",\"url\":\"https:\\\/\\\/www.travelworks.de\\\/blog\\\/\",\"name\":\"Entdecker Blog\",\"description\":\"by TravelWorks\",\"publisher\":{\"@id\":\"https:\\\/\\\/www.travelworks.de\\\/blog\\\/#organization\"},\"potentialAction\":[{\"@type\":\"SearchAction\",\"target\":{\"@type\":\"EntryPoint\",\"urlTemplate\":\"https:\\\/\\\/www.travelworks.de\\\/blog\\\/?s={search_term_string}\"},\"query-input\":{\"@type\":\"PropertyValueSpecification\",\"valueRequired\":true,\"valueName\":\"search_term_string\"}}],\"inLanguage\":\"de\"},{\"@type\":\"Organization\",\"@id\":\"https:\\\/\\\/www.travelworks.de\\\/blog\\\/#organization\",\"name\":\"Travelplus Group GmbH\",\"url\":\"https:\\\/\\\/www.travelworks.de\\\/blog\\\/\",\"logo\":{\"@type\":\"ImageObject\",\"inLanguage\":\"de\",\"@id\":\"https:\\\/\\\/www.travelworks.de\\\/blog\\\/#\\\/schema\\\/logo\\\/image\\\/\",\"url\":\"https:\\\/\\\/www.travelworks.de\\\/blog\\\/wp-content\\\/uploads\\\/2023\\\/02\\\/TravelWorks-Logo-farbig_pfad_0-20-100-0.png\",\"contentUrl\":\"https:\\\/\\\/www.travelworks.de\\\/blog\\\/wp-content\\\/uploads\\\/2023\\\/02\\\/TravelWorks-Logo-farbig_pfad_0-20-100-0.png\",\"width\":6503,\"height\":1090,\"caption\":\"Travelplus Group GmbH\"},\"image\":{\"@id\":\"https:\\\/\\\/www.travelworks.de\\\/blog\\\/#\\\/schema\\\/logo\\\/image\\\/\"},\"sameAs\":[\"https:\\\/\\\/de-de.facebook.com\\\/travelworks\"]},{\"@type\":\"Person\",\"@id\":\"https:\\\/\\\/www.travelworks.de\\\/blog\\\/#\\\/schema\\\/person\\\/217a10613be5b617ec5929a9f1609526\",\"name\":\"Steffi Stadon\",\"description\":\"Steffi ist als Redakteurin bei TravelWorks unterwegs. Als Backpacker in Australien\u00a0hat sie in doppelter Hinsicht Feuer gefangen - nicht nur f\u00fcr die Landschaft sondern auch f\u00fcr einen Aussie. Gemeinsam pendeln sie zwischen Europa und Ozeanien\u00a0hin und her. Der Rest der Welt kommt aber nicht zu kurz f\u00fcr Entdeckungen. \u00dcber den gro\u00dfen Teich soll es als n\u00e4chstes gehen.\",\"sameAs\":[\"https:\\\/\\\/www.travelworks.de\\\/blog\"],\"url\":\"https:\\\/\\\/www.travelworks.de\\\/blog\\\/author\\\/steffi\"}]}<\/script>\n<!-- \/ Yoast SEO plugin. -->","yoast_head_json":{"title":"Auf ein \u201ePinxto-Pote\u201c in San Sebasti\u00e1n - Entdecker Blog","description":"San Sebasti\u00e1n, Kulturhauptstadt 2016, ist ein beliebter Zielort f\u00fcr Spanisch-Sprachreisen. Lest hier von Sonjas Erfahrungen w\u00e4hrend ihres Sprachaufenthaltes.","robots":{"index":"index","follow":"follow","max-snippet":"max-snippet:-1","max-image-preview":"max-image-preview:large","max-video-preview":"max-video-preview:-1"},"canonical":"https:\/\/www.travelworks.de\/blog\/auf-ein-pinxto-pote-in-san-sebastian.html","og_locale":"de_DE","og_type":"article","og_title":"Auf ein \u201ePinxto-Pote\u201c in San Sebasti\u00e1n - Entdecker Blog","og_description":"San Sebasti\u00e1n, Kulturhauptstadt 2016, ist ein beliebter Zielort f\u00fcr Spanisch-Sprachreisen. Lest hier von Sonjas Erfahrungen w\u00e4hrend ihres Sprachaufenthaltes.","og_url":"https:\/\/www.travelworks.de\/blog\/auf-ein-pinxto-pote-in-san-sebastian.html","og_site_name":"Entdecker Blog","article_publisher":"https:\/\/de-de.facebook.com\/travelworks","article_published_time":"2016-02-12T08:46:38+00:00","article_modified_time":"2025-09-16T05:00:36+00:00","og_image":[{"width":750,"height":500,"url":"https:\/\/www.travelworks.de\/blog\/wp-content\/uploads\/2016\/02\/ayutamiento-klein.jpg","type":"image\/jpeg"}],"author":"Steffi Stadon","twitter_misc":{"Verfasst von":"Steffi Stadon","Gesch\u00e4tzte Lesezeit":"6\u00a0Minuten"},"schema":{"@context":"https:\/\/schema.org","@graph":[{"@type":"Article","@id":"https:\/\/www.travelworks.de\/blog\/auf-ein-pinxto-pote-in-san-sebastian.html#article","isPartOf":{"@id":"https:\/\/www.travelworks.de\/blog\/auf-ein-pinxto-pote-in-san-sebastian.html"},"author":{"name":"Steffi Stadon","@id":"https:\/\/www.travelworks.de\/blog\/#\/schema\/person\/217a10613be5b617ec5929a9f1609526"},"headline":"Auf ein \u201ePinxto-Pote\u201c in San Sebasti\u00e1n","datePublished":"2016-02-12T08:46:38+00:00","dateModified":"2025-09-16T05:00:36+00:00","mainEntityOfPage":{"@id":"https:\/\/www.travelworks.de\/blog\/auf-ein-pinxto-pote-in-san-sebastian.html"},"wordCount":888,"commentCount":0,"publisher":{"@id":"https:\/\/www.travelworks.de\/blog\/#organization"},"image":{"@id":"https:\/\/www.travelworks.de\/blog\/auf-ein-pinxto-pote-in-san-sebastian.html#primaryimage"},"thumbnailUrl":"https:\/\/www.travelworks.de\/blog\/wp-content\/uploads\/2016\/02\/ayutamiento-klein-300x200.jpg","keywords":["Sprachferien","Sprachreise","TravelWorks loves Spain"],"articleSection":["Europa","Sprachreisen"],"inLanguage":"de","potentialAction":[{"@type":"CommentAction","name":"Comment","target":["https:\/\/www.travelworks.de\/blog\/auf-ein-pinxto-pote-in-san-sebastian.html#respond"]}]},{"@type":"WebPage","@id":"https:\/\/www.travelworks.de\/blog\/auf-ein-pinxto-pote-in-san-sebastian.html","url":"https:\/\/www.travelworks.de\/blog\/auf-ein-pinxto-pote-in-san-sebastian.html","name":"Auf ein \u201ePinxto-Pote\u201c in San Sebasti\u00e1n - Entdecker Blog","isPartOf":{"@id":"https:\/\/www.travelworks.de\/blog\/#website"},"primaryImageOfPage":{"@id":"https:\/\/www.travelworks.de\/blog\/auf-ein-pinxto-pote-in-san-sebastian.html#primaryimage"},"image":{"@id":"https:\/\/www.travelworks.de\/blog\/auf-ein-pinxto-pote-in-san-sebastian.html#primaryimage"},"thumbnailUrl":"https:\/\/www.travelworks.de\/blog\/wp-content\/uploads\/2016\/02\/ayutamiento-klein-300x200.jpg","datePublished":"2016-02-12T08:46:38+00:00","dateModified":"2025-09-16T05:00:36+00:00","description":"San Sebasti\u00e1n, Kulturhauptstadt 2016, ist ein beliebter Zielort f\u00fcr Spanisch-Sprachreisen. Lest hier von Sonjas Erfahrungen w\u00e4hrend ihres Sprachaufenthaltes.","breadcrumb":{"@id":"https:\/\/www.travelworks.de\/blog\/auf-ein-pinxto-pote-in-san-sebastian.html#breadcrumb"},"inLanguage":"de","potentialAction":[{"@type":"ReadAction","target":["https:\/\/www.travelworks.de\/blog\/auf-ein-pinxto-pote-in-san-sebastian.html"]}]},{"@type":"ImageObject","inLanguage":"de","@id":"https:\/\/www.travelworks.de\/blog\/auf-ein-pinxto-pote-in-san-sebastian.html#primaryimage","url":"https:\/\/www.travelworks.de\/blog\/wp-content\/uploads\/2016\/02\/ayutamiento-klein-300x200.jpg","contentUrl":"https:\/\/www.travelworks.de\/blog\/wp-content\/uploads\/2016\/02\/ayutamiento-klein-300x200.jpg"},{"@type":"BreadcrumbList","@id":"https:\/\/www.travelworks.de\/blog\/auf-ein-pinxto-pote-in-san-sebastian.html#breadcrumb","itemListElement":[{"@type":"ListItem","position":1,"name":"Start","item":"https:\/\/www.travelworks.de\/blog\/"},{"@type":"ListItem","position":2,"name":"Reiseziele","item":"https:\/\/www.travelworks.de\/blog\/reiseziele"},{"@type":"ListItem","position":3,"name":"Europa","item":"https:\/\/www.travelworks.de\/blog\/reiseziele\/reiseberichte-europa"},{"@type":"ListItem","position":4,"name":"Auf ein \u201ePinxto-Pote\u201c in San Sebasti\u00e1n"}]},{"@type":"WebSite","@id":"https:\/\/www.travelworks.de\/blog\/#website","url":"https:\/\/www.travelworks.de\/blog\/","name":"Entdecker Blog","description":"by TravelWorks","publisher":{"@id":"https:\/\/www.travelworks.de\/blog\/#organization"},"potentialAction":[{"@type":"SearchAction","target":{"@type":"EntryPoint","urlTemplate":"https:\/\/www.travelworks.de\/blog\/?s={search_term_string}"},"query-input":{"@type":"PropertyValueSpecification","valueRequired":true,"valueName":"search_term_string"}}],"inLanguage":"de"},{"@type":"Organization","@id":"https:\/\/www.travelworks.de\/blog\/#organization","name":"Travelplus Group GmbH","url":"https:\/\/www.travelworks.de\/blog\/","logo":{"@type":"ImageObject","inLanguage":"de","@id":"https:\/\/www.travelworks.de\/blog\/#\/schema\/logo\/image\/","url":"https:\/\/www.travelworks.de\/blog\/wp-content\/uploads\/2023\/02\/TravelWorks-Logo-farbig_pfad_0-20-100-0.png","contentUrl":"https:\/\/www.travelworks.de\/blog\/wp-content\/uploads\/2023\/02\/TravelWorks-Logo-farbig_pfad_0-20-100-0.png","width":6503,"height":1090,"caption":"Travelplus Group GmbH"},"image":{"@id":"https:\/\/www.travelworks.de\/blog\/#\/schema\/logo\/image\/"},"sameAs":["https:\/\/de-de.facebook.com\/travelworks"]},{"@type":"Person","@id":"https:\/\/www.travelworks.de\/blog\/#\/schema\/person\/217a10613be5b617ec5929a9f1609526","name":"Steffi Stadon","description":"Steffi ist als Redakteurin bei TravelWorks unterwegs. Als Backpacker in Australien\u00a0hat sie in doppelter Hinsicht Feuer gefangen - nicht nur f\u00fcr die Landschaft sondern auch f\u00fcr einen Aussie. Gemeinsam pendeln sie zwischen Europa und Ozeanien\u00a0hin und her. Der Rest der Welt kommt aber nicht zu kurz f\u00fcr Entdeckungen. \u00dcber den gro\u00dfen Teich soll es als n\u00e4chstes gehen.","sameAs":["https:\/\/www.travelworks.de\/blog"],"url":"https:\/\/www.travelworks.de\/blog\/author\/steffi"}]}},"_links":{"self":[{"href":"https:\/\/www.travelworks.de\/blog\/wp-json\/wp\/v2\/posts\/5055","targetHints":{"allow":["GET"]}}],"collection":[{"href":"https:\/\/www.travelworks.de\/blog\/wp-json\/wp\/v2\/posts"}],"about":[{"href":"https:\/\/www.travelworks.de\/blog\/wp-json\/wp\/v2\/types\/post"}],"author":[{"embeddable":true,"href":"https:\/\/www.travelworks.de\/blog\/wp-json\/wp\/v2\/users\/14"}],"replies":[{"embeddable":true,"href":"https:\/\/www.travelworks.de\/blog\/wp-json\/wp\/v2\/comments?post=5055"}],"version-history":[{"count":9,"href":"https:\/\/www.travelworks.de\/blog\/wp-json\/wp\/v2\/posts\/5055\/revisions"}],"predecessor-version":[{"id":14290,"href":"https:\/\/www.travelworks.de\/blog\/wp-json\/wp\/v2\/posts\/5055\/revisions\/14290"}],"wp:attachment":[{"href":"https:\/\/www.travelworks.de\/blog\/wp-json\/wp\/v2\/media?parent=5055"}],"wp:term":[{"taxonomy":"category","embeddable":true,"href":"https:\/\/www.travelworks.de\/blog\/wp-json\/wp\/v2\/categories?post=5055"},{"taxonomy":"post_tag","embeddable":true,"href":"https:\/\/www.travelworks.de\/blog\/wp-json\/wp\/v2\/tags?post=5055"}],"curies":[{"name":"wp","href":"https:\/\/api.w.org\/{rel}","templated":true}]}}