{"id":7167,"date":"2015-07-11T10:00:39","date_gmt":"2015-07-11T09:00:39","guid":{"rendered":"https:\/\/www.travelworks.de\/blog\/?p=7167"},"modified":"2025-09-05T16:29:37","modified_gmt":"2025-09-05T14:29:37","slug":"franzoesisch-spickzettel","status":"publish","type":"post","link":"https:\/\/www.travelworks.de\/blog\/franzoesisch-spickzettel.html","title":{"rendered":"Franz\u00f6sisch Spickzettel"},"content":{"rendered":"<p id=\"c24215\" class=\"csc-default\"><b>Auf unserem Franz\u00f6sisch Merkzettel findest Du die wichtigsten Ausdr\u00fccke, W\u00f6rter sowie die elementare Grammatik des Franz\u00f6sischen. Diese Liste kannst Du Dir auch ausdrucken und als kleinen &#8222;Spickzettel&#8220; w\u00e4hrend Deiner <a href=\"https:\/\/www.travelworks.de\/sprachreisen\/franzoesisch.html\" target=\"_blank\" rel=\"noopener\">Franz\u00f6sisch Sprachreise<\/a>\u00a0oder <a href=\"https:\/\/www.travelworks.de\/sprachreisen\/schueler\/frankreich.html\" target=\"_blank\" rel=\"noopener\">Sch\u00fclersprachreise nach Frankreich<\/a> immer dabei haben.<\/b><\/p>\n<div id=\"c24216\" class=\"csc-default\">\n<div class=\"csc-header csc-header-n3\">\n<div class=\"h2 cx\">\n<h2>Die Artikel<\/h2>\n<\/div>\n<\/div>\n<h4>Unbestimmte Artikel<\/h4>\n<p class=\"bodytext\">ein &#8211; un (m\u00e4nnlich)<br \/>\nun fromage &#8211; ein K\u00e4se<\/p>\n<p>eine &#8211; une (weiblich)<br \/>\nune pomme &#8211; ein Apfel<\/p>\n<h4>Bestimmte Artikel<\/h4>\n<p class=\"bodytext\">der &#8211; le (m\u00e4nnlich)<br \/>\nle pain &#8211; das Brot<\/p>\n<p>die &#8211; la (weiblich)<br \/>\nla baguette &#8211; das Baguette<\/p>\n<p>die &#8211; les (plural)<br \/>\nles fruits &#8211; die Fr\u00fcchte<\/p>\n<h4>Teilungsartikel<\/h4>\n<p class=\"bodytext\">de<br \/>\nVoici ma carte de visite &#8211; Hier meine Visitenkarte<\/p>\n<p>du (de + le)<br \/>\nJ&#8217;ai du pain. &#8211; Ich habe Brot.<\/p>\n<p>de la<br \/>\nAvez-vous de la cr\u00e8me? &#8211; Haben Sie Creme?<\/p>\n<p>des (de + les)<br \/>\nIl ach\u00e8te des l\u00e9gumes. &#8211; Er kauft Gem\u00fcse.<\/p>\n<\/div>\n<div id=\"c24217\" class=\"csc-default\">\n<div class=\"csc-header csc-header-n4\">\n<div class=\"h2 cx\">\n<h2>Die Zahlen<\/h2>\n<\/div>\n<\/div>\n<p class=\"bodytext\">0 &#8211; z\u00e9ro<br \/>\n1 &#8211; un<br \/>\n2 &#8211; deux<br \/>\n3 &#8211; trois<br \/>\n4 &#8211; quatre<br \/>\n5 &#8211; cinq<br \/>\n6 &#8211; six<br \/>\n7 &#8211; sept<br \/>\n8 &#8211; huit<br \/>\n9 &#8211; neuf<br \/>\n10 &#8211; dix<br \/>\n11 &#8211; onze<br \/>\n12 &#8211; douze<br \/>\n13 &#8211; treize<br \/>\n14 &#8211; quatorze<br \/>\n15 &#8211; quinze<br \/>\n16 &#8211; seize<br \/>\n17 &#8211; dix-sept<br \/>\n18 &#8211; dix-huit<br \/>\n19 &#8211; dix-neuf<br \/>\n20 &#8211; vingt<br \/>\n21 &#8211; vingt-et-un(e)<br \/>\n30 &#8211; trente<br \/>\n40 &#8211; quarante<br \/>\n50 &#8211; cinquante<br \/>\n60 &#8211; soixante<br \/>\n70 &#8211; soixante-dix<br \/>\n80 &#8211; quatre-vingts<br \/>\n90 &#8211; quatre-vingt-dix<br \/>\n100 &#8211; cent<br \/>\n1000 &#8211; mille<\/p>\n<\/div>\n<div id=\"c24218\" class=\"csc-default\">\n<div class=\"csc-header csc-header-n5\">\n<div class=\"h2 cx\">\n<h2>Die Wochentage<\/h2>\n<\/div>\n<\/div>\n<p class=\"bodytext\">Montag &#8211; lundi<br \/>\nDienstag &#8211; mardi<br \/>\nMittwoch &#8211; mercredi<br \/>\nDonnerstag &#8211; jeudi<br \/>\nFreitag &#8211; vendredi<br \/>\nSamstag &#8211; samedi<br \/>\nSonntag &#8211; dimanche<\/p>\n<\/div>\n<div id=\"c24219\" class=\"csc-default\">\n<div class=\"csc-header csc-header-n6\">\n<div class=\"h2 cx\">\n<h2>Die Monate<\/h2>\n<\/div>\n<\/div>\n<p class=\"bodytext\">Januar &#8211; janvier<br \/>\nFebruar &#8211; f\u00e9vrier<br \/>\nM\u00e4rz &#8211; mars<br \/>\nApril &#8211; avril<br \/>\nMai &#8211; mai<br \/>\nJuni &#8211; juin<br \/>\nJuli &#8211; juillet<br \/>\nAugust &#8211; ao\u00fbt<br \/>\nSeptember &#8211; septembre<br \/>\nOktober &#8211; octobre<br \/>\nNovember &#8211; novembre<br \/>\nDezember &#8211; d\u00e9cembre<\/p>\n<\/div>\n<div id=\"c24220\" class=\"csc-default\">\n<div class=\"csc-header csc-header-n7\">\n<div class=\"h2 cx\">\n<h2>Die Jahreszeiten<\/h2>\n<\/div>\n<\/div>\n<p class=\"bodytext\">Im Fr\u00fchling &#8211; au printemps<br \/>\nIm Sommer &#8211; en \u00e9t\u00e9<br \/>\nIm Herbst &#8211; en automne<br \/>\nIm Winter &#8211; en hiver<\/p>\n<\/div>\n<div id=\"c24221\" class=\"csc-default\">\n<div class=\"csc-header csc-header-n8\">\n<div class=\"h2 cx\">\n<h2>Zeit- und Datumsangaben<\/h2>\n<\/div>\n<\/div>\n<p class=\"bodytext\">Der Tag &#8211; le jour<br \/>\nDie Woche &#8211; la semaine<br \/>\nHeute &#8211; aujourd&#8217;hui<br \/>\nGestern &#8211; hier<br \/>\nMorgen &#8211; demain<br \/>\nDer Monat &#8211; le mois<br \/>\nDas Jahr &#8211; l&#8217;an \/ l&#8217;ann\u00e9e<\/p>\n<\/div>\n<div id=\"c24222\" class=\"csc-default\">\n<div class=\"csc-header csc-header-n9\">\n<div class=\"h2 cx\">\n<h2>Die Farben<\/h2>\n<\/div>\n<\/div>\n<p class=\"bodytext\">schwarz &#8211; noir\/noire<br \/>\nwei\u00df &#8211; blanc\/blanche<br \/>\ngrau &#8211; gris\/grise<br \/>\nrot &#8211; rouge<br \/>\nblau &#8211; bleu\/bleue<br \/>\ngelb &#8211; jaune<br \/>\ngr\u00fcn &#8211; vert\/verte<br \/>\norange &#8211; orange<br \/>\nbraun &#8211; marron\/brun<br \/>\nrosa &#8211; rose<br \/>\nbeige &#8211; beige<\/p>\n<\/div>\n<div id=\"c24223\" class=\"csc-default\">\n<div class=\"csc-header csc-header-n10\">\n<div class=\"h2 cx\">\n<h2>H\u00e4ufige Adverbien<\/h2>\n<\/div>\n<\/div>\n<p class=\"bodytext\">dann &#8211; alors<br \/>\ndanach &#8211; apr\u00e8s<br \/>\nauch &#8211; aussi<br \/>\nviel &#8211; beaucoup<br \/>\nbald &#8211; bient\u00f4t<br \/>\nwie &#8211; comme<br \/>\nnormalerweise &#8211; d&#8217;habitude<br \/>\nschon &#8211; d\u00e9j\u00e0<br \/>\nseit &#8211; depuis<br \/>\ndavor &#8211; devant<br \/>\nalso &#8211; donc<br \/>\nnoch &#8211; encore<br \/>\nzusammen &#8211; ensemble<br \/>\nhier &#8211; ici<br \/>\ndort &#8211; l\u00e0<br \/>\ndahinten &#8211; l\u00e0-bas<br \/>\nweit &#8211; loin<br \/>\nlange &#8211; longtemps<br \/>\njetzt &#8211; maintenant<br \/>\nschlecht &#8211; mal<br \/>\ngleich &#8211; m\u00eame<br \/>\nweniger &#8211; moins<br \/>\nwenig &#8211; peu<br \/>\nvielleicht &#8211; peut-\u00eatre<br \/>\nmanchmal &#8211; quelquefois<br \/>\nso &#8211; si<br \/>\nh\u00e4ufig &#8211; souvent<br \/>\nvor allem &#8211; surtout<br \/>\nsp\u00e4t &#8211; tard<br \/>\nbald &#8211; t\u00f4t<br \/>\nimmer &#8211; toujours<br \/>\nsehr &#8211; tr\u00e8s<br \/>\nzu viel &#8211; trop<br \/>\nschnell &#8211; vite<\/p>\n<\/div>\n<div id=\"c24224\" class=\"csc-default\">\n<div class=\"csc-header csc-header-n11\">\n<div class=\"h2 cx\">\n<h2>Fragew\u00f6rter<\/h2>\n<\/div>\n<\/div>\n<p class=\"bodytext\">Wer \u2013 Qui<br \/>\nWie \u2013 Comment<br \/>\nWas \u2013 Que<br \/>\nWo \u2013 O\u00f9<br \/>\nWarum \u2013 Pourquoi<br \/>\nWann \u2013 Quand<\/p>\n<\/div>\n<div id=\"c24225\" class=\"csc-default\">\n<div class=\"csc-header csc-header-n12\">\n<div class=\"h2 cx\">\n<h2>Die Kleidung<\/h2>\n<\/div>\n<\/div>\n<p class=\"bodytext\">die Kleidung &#8211; les v\u00eatements<br \/>\nder Pulli &#8211; le pull<br \/>\ndas T-Shirt &#8211; le T-Shirt<br \/>\ndie Hose &#8211; le pantalon<br \/>\ndie Jeans &#8211; le jean<br \/>\nder Rock &#8211; la jupe<br \/>\ndas Kleid &#8211; la robe<br \/>\ndie Jacke &#8211; la veste<br \/>\nder Schal &#8211; la \u00e9charpe<br \/>\ndas Hemd &#8211; la chemise<br \/>\nder Schuh &#8211; la chaussure<\/p>\n<\/div>\n<div id=\"c24226\" class=\"csc-default\">\n<div class=\"csc-header csc-header-n13\">\n<div class=\"h2 cx\">\n<h2>Konjugation<\/h2>\n<\/div>\n<\/div>\n<\/div>\n<div id=\"c24227\" class=\"csc-default\">\n<div class=\"csc-header csc-header-n14\">\n<div class=\"h3\">\n<h3>Regelm\u00e4\u00dfige Verben mit Endung auf -ER<\/h3>\n<\/div>\n<\/div>\n<table class=\"contenttable\" style=\"height: 240px;\" width=\"602\">\n<tbody>\n<tr>\n<td colspan=\"6\"><b>PARLER &#8211; sprechen<\/b> \u00a0 Past Participle: parl<b>\u00e9<\/b><\/td>\n<\/tr>\n<tr>\n<td>Subject<\/td>\n<td>Present<\/td>\n<td>Imperfect<\/td>\n<td>Future<\/td>\n<td>Conditional<\/td>\n<td>Subjunctive<\/td>\n<\/tr>\n<tr>\n<td>je<\/td>\n<td>parl<b>e<\/b><\/td>\n<td>parl<b>ais<\/b><\/td>\n<td>parler<b>ai<\/b><\/td>\n<td>parler<b>ais<\/b><\/td>\n<td>parl<b>e<\/b><\/td>\n<\/tr>\n<tr>\n<td>tu<\/td>\n<td>parl<b>es<\/b><\/td>\n<td>parl<b>ais<\/b><\/td>\n<td>parler<b>as<\/b><\/td>\n<td>parler<b>ais<\/b><\/td>\n<td>parl<b>es<\/b><\/td>\n<\/tr>\n<tr>\n<td>il<\/td>\n<td>parl<b>e<\/b><\/td>\n<td>parl<b>ait<\/b><\/td>\n<td>parler<b>a<\/b><\/td>\n<td>parler<b>ait<\/b><\/td>\n<td>parl<b>e<\/b><\/td>\n<\/tr>\n<tr>\n<td>nous<\/td>\n<td>parl<b>ons<\/b><\/td>\n<td>parl<b>ions<\/b><\/td>\n<td>parler<b>ons<\/b><\/td>\n<td>parler<b>ions<\/b><\/td>\n<td>parl<b>ions<\/b><\/td>\n<\/tr>\n<tr>\n<td>vous<\/td>\n<td>parl<b>ez<\/b><\/td>\n<td>parl<b>iez<\/b><\/td>\n<td>parler<b>ez<\/b><\/td>\n<td>parler<b>iez<\/b><\/td>\n<td>parl<b>iez<\/b><\/td>\n<\/tr>\n<tr>\n<td>ils<\/td>\n<td>parl<b>ent<\/b><\/td>\n<td>parl<b>ient<\/b><\/td>\n<td>parler<b>ont<\/b><\/td>\n<td>parler<b>aient<\/b><\/td>\n<td>parl<b>ent<\/b><\/td>\n<\/tr>\n<\/tbody>\n<\/table>\n<\/div>\n<div id=\"c24228\" class=\"csc-default\">\n<div class=\"csc-header csc-header-n15\">\n<div class=\"h3\">\n<h3>Regelm\u00e4\u00dfige Verben mit Endung auf -IR<\/h3>\n<\/div>\n<\/div>\n<table class=\"contenttable\" style=\"height: 242px;\" width=\"603\">\n<tbody>\n<tr>\n<td colspan=\"6\"><b>FINIR &#8211; beenden<\/b>\u00a0\u00a0 Past Participle: fin<b>i<\/b><\/td>\n<\/tr>\n<tr>\n<td>Subject<\/td>\n<td>Present<\/td>\n<td>Imperfect<\/td>\n<td>Future<\/td>\n<td>Conditional<\/td>\n<td>Subjunctive<\/td>\n<\/tr>\n<tr>\n<td>je<\/td>\n<td>fin<b>is<\/b><\/td>\n<td>finiss<b>ais<\/b><\/td>\n<td>finir<b>ai<\/b><\/td>\n<td>finir<b>ais<\/b><\/td>\n<td>finiss<b>e<\/b><\/td>\n<\/tr>\n<tr>\n<td>tu<\/td>\n<td>fin<b>is<\/b><\/td>\n<td>finiss<b>ais<\/b><\/td>\n<td>finir<b>as<\/b><\/td>\n<td>finir<b>ais<\/b><\/td>\n<td>finiss<b>es<\/b><\/td>\n<\/tr>\n<tr>\n<td>il<\/td>\n<td>fin<b>it<\/b><\/td>\n<td>finiss<b>ait<\/b><\/td>\n<td>finir<b>a<\/b><\/td>\n<td>finir<b>ait<\/b><\/td>\n<td>finiss<b>e<\/b><\/td>\n<\/tr>\n<tr>\n<td>nous<\/td>\n<td>fin<b>issons<\/b><\/td>\n<td>finiss<b>ions<\/b><\/td>\n<td>finir<b>ons<\/b><\/td>\n<td>finir<b>ions<\/b><\/td>\n<td>finiss<b>ions<\/b><\/td>\n<\/tr>\n<tr>\n<td>vous<\/td>\n<td>fin<b>issez<\/b><\/td>\n<td>finiss<b>iez<\/b><\/td>\n<td>finir<b>ez<\/b><\/td>\n<td>finir<b>iez<\/b><\/td>\n<td>finiss<b>iez<\/b><\/td>\n<\/tr>\n<tr>\n<td>ils<\/td>\n<td>fin<b>issent<\/b><\/td>\n<td>finiss<b>aient<\/b><\/td>\n<td>finir<b>ont<\/b><\/td>\n<td>finir<b>aient<\/b><\/td>\n<td>finiss<b>ent<\/b><\/td>\n<\/tr>\n<\/tbody>\n<\/table>\n<\/div>\n<div id=\"c24229\" class=\"csc-default\">\n<div class=\"csc-header csc-header-n16\">\n<div class=\"h3\">\n<h3>Regelm\u00e4\u00dfige Verben mit Endung auf -RE<\/h3>\n<\/div>\n<\/div>\n<table class=\"contenttable\" style=\"height: 243px;\" width=\"608\">\n<tbody>\n<tr>\n<td colspan=\"6\"><b>VENDRE &#8211; verkaufen<\/b>\u00a0\u00a0 Past Participle: vend<b>u<\/b><\/td>\n<\/tr>\n<tr>\n<td>Subject<\/td>\n<td>Present<\/td>\n<td>Imperfect<\/td>\n<td>Future<\/td>\n<td>Conditional<\/td>\n<td>Subjunctive<\/td>\n<\/tr>\n<tr>\n<td>je<\/td>\n<td>vend<b>s<\/b><\/td>\n<td>vend<b>ais<\/b><\/td>\n<td>vendr<b>ai<\/b><\/td>\n<td>vendr<b>ais<\/b><\/td>\n<td>vend<b>e<\/b><\/td>\n<\/tr>\n<tr>\n<td>tu<\/td>\n<td>vend<b>s<\/b><\/td>\n<td>vend<b>ais<\/b><\/td>\n<td>vendr<b>as<\/b><\/td>\n<td>vendr<b>ais<\/b><\/td>\n<td>vend<b>es<\/b><\/td>\n<\/tr>\n<tr>\n<td>il<\/td>\n<td>vend<\/td>\n<td>vend<b>ait<\/b><\/td>\n<td>vendr<b>a<\/b><\/td>\n<td>vendr<b>ait<\/b><\/td>\n<td>vend<b>e<\/b><\/td>\n<\/tr>\n<tr>\n<td>nous<\/td>\n<td>vend<b>ons<\/b><\/td>\n<td>vend<b>ions<\/b><\/td>\n<td>vendr<b>ons<\/b><\/td>\n<td>vendr<b>ions<\/b><\/td>\n<td>vend<b>ions<\/b><\/td>\n<\/tr>\n<tr>\n<td>vous<\/td>\n<td>vend<b>ez<\/b><\/td>\n<td>vend<b>iez<\/b><\/td>\n<td>vendr<b>ez<\/b><\/td>\n<td>vendr<b>iez<\/b><\/td>\n<td>vend<b>iez<\/b><\/td>\n<\/tr>\n<tr>\n<td>ils<\/td>\n<td>vend<b>ent<\/b><\/td>\n<td>vend<b>aient<\/b><\/td>\n<td>vendr<b>ont<\/b><\/td>\n<td>vendr<b>aient<\/b><\/td>\n<td>vend<b>ent<\/b><\/td>\n<\/tr>\n<\/tbody>\n<\/table>\n<\/div>\n<div id=\"c24230\" class=\"csc-default\">\n<div class=\"csc-header csc-header-n17\">\n<div class=\"h2 cx\">\n<h2>Unregelm\u00e4\u00dfige Verben<\/h2>\n<\/div>\n<\/div>\n<table class=\"contenttable\" style=\"height: 237px;\" width=\"609\">\n<tbody>\n<tr>\n<td colspan=\"6\"><b>AVOIR &#8211; haben<\/b>\u00a0\u00a0 Past Participle: eu<\/td>\n<\/tr>\n<tr>\n<td>Subject<\/td>\n<td>Present<\/td>\n<td>Imperfect<\/td>\n<td>Future<\/td>\n<td>Conditional<\/td>\n<td>Subjunctive<\/td>\n<\/tr>\n<tr>\n<td>j&#8216;<\/td>\n<td><b>ai<\/b><\/td>\n<td>av<b>ais<\/b><\/td>\n<td>aur<b>ai<\/b><\/td>\n<td>aur<b>ais<\/b><\/td>\n<td><b>aie<\/b><\/td>\n<\/tr>\n<tr>\n<td>tu<\/td>\n<td><b>as<\/b><\/td>\n<td>av<b>ais<\/b><\/td>\n<td>aur<b>as<\/b><\/td>\n<td>aur<b>ais<\/b><\/td>\n<td><b>aies<\/b><\/td>\n<\/tr>\n<tr>\n<td>il<\/td>\n<td><b>a<\/b><\/td>\n<td>av<b>ait<\/b><\/td>\n<td>aur<b>a<\/b><\/td>\n<td>aur<b>ait<\/b><\/td>\n<td><b>ait<\/b><\/td>\n<\/tr>\n<tr>\n<td>nous<\/td>\n<td><b>avons<\/b><\/td>\n<td>av<b>ions<\/b><\/td>\n<td>aur<b>ons<\/b><\/td>\n<td>aur<b>ions<\/b><\/td>\n<td><b>ayons<\/b><\/td>\n<\/tr>\n<tr>\n<td>vous<\/td>\n<td><b>avez<\/b><\/td>\n<td>av<b>iez<\/b><\/td>\n<td>aur<b>ez<\/b><\/td>\n<td>aur<b>iez<\/b><\/td>\n<td><b>ayez<\/b><\/td>\n<\/tr>\n<tr>\n<td>ils<\/td>\n<td><b>ont<\/b><\/td>\n<td>av<b>aient<\/b><\/td>\n<td>aur<b>ont<\/b><\/td>\n<td>aur<b>aient<\/b><\/td>\n<td><b>aient<\/b><\/td>\n<\/tr>\n<\/tbody>\n<\/table>\n<table class=\"contenttable\" style=\"height: 242px;\" width=\"611\">\n<tbody>\n<tr>\n<td colspan=\"6\"><b>\u00caTRE &#8211; sein<\/b>\u00a0\u00a0 Past Participle: \u00e9t\u00e9<\/td>\n<\/tr>\n<tr>\n<td>Subject<\/td>\n<td>Present<\/td>\n<td>Imperfect<\/td>\n<td>Future<\/td>\n<td>Conditional<\/td>\n<td>Subjunctive<\/td>\n<\/tr>\n<tr>\n<td>je<\/td>\n<td><b>suis<\/b><\/td>\n<td>\u00e9t<b>ais<\/b><\/td>\n<td>ser<b>ai<\/b><\/td>\n<td>ser<b>ais<\/b><\/td>\n<td><b>sois<\/b><\/td>\n<\/tr>\n<tr>\n<td>tu<\/td>\n<td><b>es<\/b><\/td>\n<td>\u00e9t<b>ais<\/b><\/td>\n<td>ser<b>as<\/b><\/td>\n<td>ser<b>ais<\/b><\/td>\n<td><b>sois<\/b><\/td>\n<\/tr>\n<tr class=\"AltRow\">\n<td>il<\/td>\n<td><b>est<\/b><\/td>\n<td>\u00e9t<b>ait<\/b><\/td>\n<td>ser<b>a<\/b><\/td>\n<td>ser<b>ait<\/b><\/td>\n<td><b>soit<\/b><\/td>\n<\/tr>\n<tr>\n<td>nous<\/td>\n<td><b>sommes<\/b><\/td>\n<td>\u00e9t<b>ions<\/b><\/td>\n<td>ser<b>ons<\/b><\/td>\n<td>ser<b>ions<\/b><\/td>\n<td><b>soyons<\/b><\/td>\n<\/tr>\n<tr>\n<td>vous<\/td>\n<td><b>\u00eates<\/b><\/td>\n<td>\u00e9t<b>iez<\/b><\/td>\n<td>ser<b>ez<\/b><\/td>\n<td>ser<b>iez<\/b><\/td>\n<td><b>soyez<\/b><\/td>\n<\/tr>\n<tr>\n<td>ils<\/td>\n<td><b>sont<\/b><\/td>\n<td>\u00e9t<b>aient<\/b><\/td>\n<td>ser<b>ont<\/b><\/td>\n<td>ser<b>aient<\/b><\/td>\n<td><b>soient<\/b><\/td>\n<\/tr>\n<\/tbody>\n<\/table>\n<\/div>\n<div id=\"c24231\" class=\"csc-default\">\n<div class=\"csc-header csc-header-n18\">\n<div class=\"h2 cx\">\n<h2>Die wichtigsten Ausdr\u00fccke f\u00fcr den Sprachunterricht<\/h2>\n<\/div>\n<\/div>\n<p class=\"bodytext\">Wie spricht man [&#8230;] aus? &#8211; Comment prononce t\u2019on [&#8230;]?<br \/>\nWas hei\u00dft [&#8230;] auf franz\u00f6sisch? Que signifie [&#8230;] en fran\u00e7ais ?<br \/>\nWie sagt man das auf franz\u00f6sisch? Comment dit-on cela en fran\u00e7ais ?<br \/>\nWas hei\u00dft das? &#8211;\u00a0Qu&#8217;est-ce que \u00e7a veut dire ?<br \/>\nIch habe das nicht verstanden. &#8211; Je n\u2019ai pas compris.<br \/>\nK\u00f6nnen Sie das bitte noch einmal wiederholen? &#8211; Pourriez-vous r\u00e9p\u00e9ter encore une fois?<br \/>\nIch wei\u00df es nicht. &#8211; Je ne sais pas.<br \/>\nK\u00f6nnen Sie bitte langsamer sprechen? &#8211; Pourriez-vous parler plus lentement?<br \/>\nIch habe eine Frage. &#8211; J\u2019ai une question.<\/p>\n<\/div>\n<div id=\"c24232\" class=\"csc-default\">\n<div class=\"csc-header csc-header-n19\">\n<div class=\"h2 cx\">\n<h2>Die wichtigsten franz\u00f6sischen Ausdr\u00fccke f\u00fcr die Reise<\/h2>\n<\/div>\n<\/div>\n<h3>Die Basics<\/h3>\n<p class=\"bodytext\">Ja &#8211; Oui<br \/>\nNein &#8211; Non<br \/>\nDanke &#8211; Merci<br \/>\nVielen Dank &#8211; Merci beaucoup<br \/>\nBitte &#8211; Je vous en prie (als Antwort auf \u201eMerci!\u201c)<br \/>\nBitte \u2013 S\u2019il vous pla\u00eet (als H\u00f6flichkeitsfloskel)<br \/>\nEntschuldigen Sie bitte \u2013 Pardon oder Excusez-moi<br \/>\nGuten Morgen \/ Tag &#8211; Bonjour<br \/>\nGuten Abend &#8211; Bonsoir<br \/>\nGute Nacht &#8211; Bonne Nuit<br \/>\nHallo &#8211; Salut<br \/>\nAuf Wiedersehen &#8211; Au revoir<br \/>\nBis bald! \u2013 \u00c0 bient\u00f4t!<br \/>\nBis morgen! \u2013 \u00c0 demain!<br \/>\nWie geht&#8217;s? &#8211; (Comment) Ca va?<br \/>\nLinks \u2013 \u00e0 gauche<br \/>\nRechts \u2013 \u00e0 droite<br \/>\nHilfe ! &#8211; Au Secours !<br \/>\nAchtung! \u2013 Attention<\/p>\n<h3>Grundbausteine f\u00fcr die Kommunikation<\/h3>\n<p class=\"bodytext\">Ich hei\u00dfe&#8230; &#8211; Je m&#8217;appelle<br \/>\nWie hei\u00dfen Sie? &#8211; Comment vous appelez-vous?<br \/>\nWie bitte? \u2013 Pardon?<br \/>\nIch verstehe Sie nicht! \u2013 Je ne vous comprends pas!<br \/>\nIch bin Deutsche(r) &#8211; Je suis Allemand(e)<br \/>\nIch mache Urlaub &#8211; Je suis en vacances<br \/>\nWoher kommen Sie? &#8211; D&#8217;o\u00f9 venez-vous?<br \/>\nIch komme aus Deutschland \u2013 Je viens d\u2019Allemagne.<br \/>\nIch verstehe (spreche) kein Franz\u00f6sisch &#8211; Je ne comprends (parles) pas le francais<br \/>\nSehr erfreut Sie kennen zu lernen &#8211; Je suis tr\u00e8s heureux(se) de faire votre conaissance<br \/>\nMeine Dame \u2013 Madame (als Anrede)<br \/>\nMein Herr \u2013 Monsieur<br \/>\nMein Fr\u00e4ulein \u2013 Mademoiselle (wie bei uns immer weniger gebr\u00e4uchlich)<br \/>\nMeine Herrschaften \u2013 Messieursdames<br \/>\nIch liebe Dich &#8211; Je t&#8217;aime!<\/p>\n<h3>Fortbewegung und Verkehr<\/h3>\n<p class=\"bodytext\">Wo ist der (Fahr-)karten Schalter? \u2013 O\u00f9 est le guichet des billets?<br \/>\nHaben Sie einen Metroplan ? \u2013 Vous avez un plan de metro?<br \/>\nWo ist die n\u00e4chste Metrostation? \u2013 O\u00f9 est le metro le plus proche?<br \/>\nMetroeingang \u2013 l\u2019entr\u00e9e du metro<br \/>\nWieviel kostet die Fahrkarte? &#8211; Le billet c&#8217;est combien?<br \/>\nHaben Sie Kleingeld \u2013 Vous avez de la monnaie?<br \/>\nOben \u2013 en haut<br \/>\nUnten \u2013 dessous oder en bas<br \/>\nGeradeaus \u2013 tout droit<br \/>\nIch m\u00f6chte ein Fahrrad (ein Auto\/ein Motorrad) leihen \u2013 Je voudrais louer une bicyclette (une voiture\/un moto).<\/p>\n<h3>\u00dcbernachtung und Wohnen<\/h3>\n<p class=\"bodytext\">Kann ich mein Gep\u00e4ck hier lassen? \u2013 Puis-je laisser mes bagages ici?<br \/>\nDusche \u2013 la douche<br \/>\nBadewanne \u2013 le bain<br \/>\nBadezimmer \u2013 la salle de bains<br \/>\nWaschraum \u2013 la salle d\u2019eau<br \/>\nToilette \u2013 la toilette, le lavabo, le cabinet, le v\u00e9c\u00e9 (meist im Plural gebraucht : les v\u00e9c\u00e9s)<\/p>\n<h3>Essen und Trinken<\/h3>\n<p class=\"bodytext\">Abendessen \u2013 le diner<br \/>\nMittagessen \u2013 le d\u00e9jeuner<br \/>\nFr\u00fchst\u00fcck \u2013 le petit d\u00e9jeuner<\/p>\n<p class=\"bodytext\">Ein kaltes\/warmes Getr\u00e4nk \u2013 une boisson froide\/chaude<br \/>\n(Mineral-)Wasser \u2013 l\u2019eau (min\u00e9rale)<br \/>\nTrinkwasser \u2013 l\u2019eau potable<br \/>\nMit\/ohne Kohlens\u00e4ure \u2013 gazeuse\/non gazeuse<br \/>\nDie Rechnung \u2013 l\u2019addition<br \/>\nDas Trinkgeld \u2013 le pourboire<\/p>\n<p class=\"bodytext\">Ich m\u00f6chte einen Tisch (einen Platz) reservieren \u2013 Je voudrais reserver une table (une place).<br \/>\nEin Tisch f\u00fcr eine (zwei) Person(en) bitte \u2013 Une table pour une (deux) personne(s) s\u2019il vous pla\u00eet.<br \/>\nWo ist die Toilette? \u2013 La toilette s\u2019il-vous pla\u00eet?<br \/>\nDie Menuekarte bitte \u2013 La carte s\u2019il vous pla\u00eet<br \/>\nDas Tagesgericht \u2013 le pl\u00e2t du jour<br \/>\nHaben Sie vegetarische Gerichte ? \u2013 Avez-vous des plats v\u00e9g\u00e9tariens?<br \/>\nK\u00f6nnen Sie mir bitte ein Messer, eine Gabel, einen L\u00f6ffel bringen? \u2013 Pourriez-vous m\u2019apporter un couteau, une fourchette, une cuilli\u00e8re?<br \/>\nAschenbecher \u2013 le cendrier<br \/>\nDarf man rauchen? \u2013 Peut-on fumer ici?<\/p>\n<p>Haben Sie \u2026 ? \u2013 Vous avez\u2026<br \/>\n&#8230;Salz \u2013 &#8230;du sel<br \/>\n&#8230;Pfeffer \u2013 \u2026du poivre<br \/>\n&#8230;Zucker \u2013 &#8230;du sucre<br \/>\n&#8230;S\u00fcssstoff \u2013 &#8230;d\u2019\u00e9dulcorant<\/p>\n<p>Fisch \u2013 le poisson<br \/>\nFleisch \u2013 la viande<br \/>\nSuppe \u2013 la soupe<\/p>\n<p>Kaffee \u2013 le caf\u00e9 noir<br \/>\nKaffee mit etwas Milch \u2013 Caf\u00e9 cr\u00e8me<br \/>\nKaffee und Milch halb und halb \u2013 Caf\u00e9 au Lait<br \/>\nTee \u2013 un th\u00e9<br \/>\nKr\u00e4utertee\/aromatisierter Tee \u2013 une infusion<br \/>\nMineralwasser \u2013 l\u2019eau min\u00e9rale<br \/>\nRotwein \u2013 le vin rouge<br \/>\nWeisswein \u2013 le vin blanc<br \/>\nRos\u00e9ewein \u2013 le vin ros\u00e9e<br \/>\nBier \u2013 une bi\u00e8re<br \/>\nEin Glas Bier \u2013 un demi (in der Regel 0,3 l)<br \/>\nEine Flasche \u2013 une bouteille<br \/>\nEin Glas \u2013 un verre<br \/>\nAlkoholfrei \u2013 sans alcool<br \/>\nMit\/ohne Eis \u2013 avec\/sans glace<\/p>\n<p>Es war gut &#8211; C&#8217;\u00e9tait bon<br \/>\nEs war sehr gut &#8211; C&#8217;\u00e9tait tr\u00e8s bon<\/p>\n<p class=\"bodytext\">Die Rechnung, bitte ! &#8211; L&#8217;addition s&#8217;il vous plait !<br \/>\nAkzeptieren Sie Kreditkarten? &#8211; Acceptez vous des cartes de cr\u00e9dit?<\/p>\n<h3>Einkaufen<\/h3>\n<p class=\"bodytext\">Wieviel kostet das? \u2013 Cela co\u00fbte combien? Combien ca coute? C&#8217;est combien?<br \/>\nIch m\u00f6chte &#8230; kaufen &#8211; Je voudrais ach\u00e8ter&#8230;<br \/>\nDas ist zu teuer ! \u2013 C\u2019est trop cher!<br \/>\nEinverstanden ? \u2013 D\u2019accord ?<br \/>\nDas gef\u00e4llt mir \u2013 Ca me pla\u00eet!<br \/>\nGibt es das auch ein wenig gr\u00f6\u00dfer\/kleiner? \u2013 Vous avez ca un peut plus grand(e)\/petit(e)?<br \/>\nGibt es einen B\u00e4cker\/Supermarkt in der N\u00e4he? \u2013 Y-a-t\u2019il un boulanger\/un supermarch\u00e9 pr\u00e8s d\u2019ici?<br \/>\nWo finde ich ein Lebensmittelgesch\u00e4ft? \u2013 O\u00f9 se trouve une \u00e9picerie?<\/p>\n<\/div>\n","protected":false},"excerpt":{"rendered":"<p>Auf unserem Franz\u00f6sisch Merkzettel findest Du die wichtigsten Ausdr\u00fccke, W\u00f6rter sowie die elementare Grammatik des Franz\u00f6sischen. Diese Liste kannst Du Dir auch ausdrucken und als kleinen &#8222;Spickzettel&#8220; w\u00e4hrend Deiner Franz\u00f6sisch Sprachreise\u00a0oder Sch\u00fclersprachreise nach Frankreich immer dabei haben. Die Artikel Unbestimmte Artikel ein &#8211; un (m\u00e4nnlich) un fromage &#8211; ein K\u00e4se eine &#8211; une (weiblich) une [&hellip;]<\/p>\n","protected":false},"author":1,"featured_media":7191,"comment_status":"open","ping_status":"open","sticky":false,"template":"","format":"standard","meta":{"footnotes":""},"categories":[1],"tags":[231,1302,1345,1301],"class_list":["post-7167","post","type-post","status-publish","format-standard","has-post-thumbnail","hentry","category-reiseberichte-weltweit","tag-frankreich","tag-franzoesisch","tag-schule-daheim","tag-spickzettel"],"yoast_head":"<!-- This site is optimized with the Yoast SEO plugin v27.4 - https:\/\/yoast.com\/product\/yoast-seo-wordpress\/ -->\n<title>Franz\u00f6sisch Spickzettel - Entdecker Blog<\/title>\n<meta name=\"description\" content=\"Spickzettel f\u00fcr die wichtigsten Ausdr\u00fccke und W\u00f6rter im Franz\u00f6sischen sowie die wichtigste Grammatik auf dem Franz\u00f6sisch Merkzettel im \u00dcberblick.\" \/>\n<meta name=\"robots\" content=\"index, follow, max-snippet:-1, max-image-preview:large, max-video-preview:-1\" \/>\n<link rel=\"canonical\" href=\"https:\/\/www.travelworks.de\/blog\/franzoesisch-spickzettel.html\" \/>\n<meta property=\"og:locale\" content=\"de_DE\" \/>\n<meta property=\"og:type\" content=\"article\" \/>\n<meta property=\"og:title\" content=\"Franz\u00f6sisch Spickzettel - Entdecker Blog\" \/>\n<meta property=\"og:description\" content=\"Spickzettel f\u00fcr die wichtigsten Ausdr\u00fccke und W\u00f6rter im Franz\u00f6sischen sowie die wichtigste Grammatik auf dem Franz\u00f6sisch Merkzettel im \u00dcberblick.\" \/>\n<meta property=\"og:url\" content=\"https:\/\/www.travelworks.de\/blog\/franzoesisch-spickzettel.html\" \/>\n<meta property=\"og:site_name\" content=\"Entdecker Blog\" \/>\n<meta property=\"article:publisher\" content=\"https:\/\/de-de.facebook.com\/travelworks\" \/>\n<meta property=\"article:published_time\" content=\"2015-07-11T09:00:39+00:00\" \/>\n<meta property=\"article:modified_time\" content=\"2025-09-05T14:29:37+00:00\" \/>\n<meta property=\"og:image\" content=\"https:\/\/www.travelworks.de\/blog\/wp-content\/uploads\/2013\/07\/Header-spieckzettel-franz.jpg\" \/>\n\t<meta property=\"og:image:width\" content=\"1500\" \/>\n\t<meta property=\"og:image:height\" content=\"500\" \/>\n\t<meta property=\"og:image:type\" content=\"image\/jpeg\" \/>\n<meta name=\"author\" content=\"TravelWorks-Team\" \/>\n<meta name=\"twitter:label1\" content=\"Verfasst von\" \/>\n\t<meta name=\"twitter:data1\" content=\"TravelWorks-Team\" \/>\n\t<meta name=\"twitter:label2\" content=\"Gesch\u00e4tzte Lesezeit\" \/>\n\t<meta name=\"twitter:data2\" content=\"9\u00a0Minuten\" \/>\n<script type=\"application\/ld+json\" class=\"yoast-schema-graph\">{\"@context\":\"https:\\\/\\\/schema.org\",\"@graph\":[{\"@type\":\"Article\",\"@id\":\"https:\\\/\\\/www.travelworks.de\\\/blog\\\/franzoesisch-spickzettel.html#article\",\"isPartOf\":{\"@id\":\"https:\\\/\\\/www.travelworks.de\\\/blog\\\/franzoesisch-spickzettel.html\"},\"author\":{\"name\":\"TravelWorks-Team\",\"@id\":\"https:\\\/\\\/www.travelworks.de\\\/blog\\\/#\\\/schema\\\/person\\\/cf9e0894e2cc83ed42a061d7a08afc6a\"},\"headline\":\"Franz\u00f6sisch Spickzettel\",\"datePublished\":\"2015-07-11T09:00:39+00:00\",\"dateModified\":\"2025-09-05T14:29:37+00:00\",\"mainEntityOfPage\":{\"@id\":\"https:\\\/\\\/www.travelworks.de\\\/blog\\\/franzoesisch-spickzettel.html\"},\"wordCount\":1683,\"commentCount\":12,\"publisher\":{\"@id\":\"https:\\\/\\\/www.travelworks.de\\\/blog\\\/#organization\"},\"image\":{\"@id\":\"https:\\\/\\\/www.travelworks.de\\\/blog\\\/franzoesisch-spickzettel.html#primaryimage\"},\"thumbnailUrl\":\"https:\\\/\\\/www.travelworks.de\\\/blog\\\/wp-content\\\/uploads\\\/2013\\\/07\\\/Header-spieckzettel-franz.jpg\",\"keywords\":[\"Frankreich\",\"Franz\u00f6sisch\",\"Schule daheim\",\"Spickzettel\"],\"articleSection\":[\"Weltweit\"],\"inLanguage\":\"de\",\"potentialAction\":[{\"@type\":\"CommentAction\",\"name\":\"Comment\",\"target\":[\"https:\\\/\\\/www.travelworks.de\\\/blog\\\/franzoesisch-spickzettel.html#respond\"]}]},{\"@type\":\"WebPage\",\"@id\":\"https:\\\/\\\/www.travelworks.de\\\/blog\\\/franzoesisch-spickzettel.html\",\"url\":\"https:\\\/\\\/www.travelworks.de\\\/blog\\\/franzoesisch-spickzettel.html\",\"name\":\"Franz\u00f6sisch Spickzettel - Entdecker Blog\",\"isPartOf\":{\"@id\":\"https:\\\/\\\/www.travelworks.de\\\/blog\\\/#website\"},\"primaryImageOfPage\":{\"@id\":\"https:\\\/\\\/www.travelworks.de\\\/blog\\\/franzoesisch-spickzettel.html#primaryimage\"},\"image\":{\"@id\":\"https:\\\/\\\/www.travelworks.de\\\/blog\\\/franzoesisch-spickzettel.html#primaryimage\"},\"thumbnailUrl\":\"https:\\\/\\\/www.travelworks.de\\\/blog\\\/wp-content\\\/uploads\\\/2013\\\/07\\\/Header-spieckzettel-franz.jpg\",\"datePublished\":\"2015-07-11T09:00:39+00:00\",\"dateModified\":\"2025-09-05T14:29:37+00:00\",\"description\":\"Spickzettel f\u00fcr die wichtigsten Ausdr\u00fccke und W\u00f6rter im Franz\u00f6sischen sowie die wichtigste Grammatik auf dem Franz\u00f6sisch Merkzettel im \u00dcberblick.\",\"breadcrumb\":{\"@id\":\"https:\\\/\\\/www.travelworks.de\\\/blog\\\/franzoesisch-spickzettel.html#breadcrumb\"},\"inLanguage\":\"de\",\"potentialAction\":[{\"@type\":\"ReadAction\",\"target\":[\"https:\\\/\\\/www.travelworks.de\\\/blog\\\/franzoesisch-spickzettel.html\"]}]},{\"@type\":\"ImageObject\",\"inLanguage\":\"de\",\"@id\":\"https:\\\/\\\/www.travelworks.de\\\/blog\\\/franzoesisch-spickzettel.html#primaryimage\",\"url\":\"https:\\\/\\\/www.travelworks.de\\\/blog\\\/wp-content\\\/uploads\\\/2013\\\/07\\\/Header-spieckzettel-franz.jpg\",\"contentUrl\":\"https:\\\/\\\/www.travelworks.de\\\/blog\\\/wp-content\\\/uploads\\\/2013\\\/07\\\/Header-spieckzettel-franz.jpg\",\"width\":1500,\"height\":500},{\"@type\":\"BreadcrumbList\",\"@id\":\"https:\\\/\\\/www.travelworks.de\\\/blog\\\/franzoesisch-spickzettel.html#breadcrumb\",\"itemListElement\":[{\"@type\":\"ListItem\",\"position\":1,\"name\":\"Start\",\"item\":\"https:\\\/\\\/www.travelworks.de\\\/blog\\\/\"},{\"@type\":\"ListItem\",\"position\":2,\"name\":\"Reiseziele\",\"item\":\"https:\\\/\\\/www.travelworks.de\\\/blog\\\/reiseziele\"},{\"@type\":\"ListItem\",\"position\":3,\"name\":\"Weltweit\",\"item\":\"https:\\\/\\\/www.travelworks.de\\\/blog\\\/reiseziele\\\/reiseberichte-weltweit\"},{\"@type\":\"ListItem\",\"position\":4,\"name\":\"Franz\u00f6sisch Spickzettel\"}]},{\"@type\":\"WebSite\",\"@id\":\"https:\\\/\\\/www.travelworks.de\\\/blog\\\/#website\",\"url\":\"https:\\\/\\\/www.travelworks.de\\\/blog\\\/\",\"name\":\"Entdecker Blog\",\"description\":\"by TravelWorks\",\"publisher\":{\"@id\":\"https:\\\/\\\/www.travelworks.de\\\/blog\\\/#organization\"},\"potentialAction\":[{\"@type\":\"SearchAction\",\"target\":{\"@type\":\"EntryPoint\",\"urlTemplate\":\"https:\\\/\\\/www.travelworks.de\\\/blog\\\/?s={search_term_string}\"},\"query-input\":{\"@type\":\"PropertyValueSpecification\",\"valueRequired\":true,\"valueName\":\"search_term_string\"}}],\"inLanguage\":\"de\"},{\"@type\":\"Organization\",\"@id\":\"https:\\\/\\\/www.travelworks.de\\\/blog\\\/#organization\",\"name\":\"Travelplus Group GmbH\",\"url\":\"https:\\\/\\\/www.travelworks.de\\\/blog\\\/\",\"logo\":{\"@type\":\"ImageObject\",\"inLanguage\":\"de\",\"@id\":\"https:\\\/\\\/www.travelworks.de\\\/blog\\\/#\\\/schema\\\/logo\\\/image\\\/\",\"url\":\"https:\\\/\\\/www.travelworks.de\\\/blog\\\/wp-content\\\/uploads\\\/2023\\\/02\\\/TravelWorks-Logo-farbig_pfad_0-20-100-0.png\",\"contentUrl\":\"https:\\\/\\\/www.travelworks.de\\\/blog\\\/wp-content\\\/uploads\\\/2023\\\/02\\\/TravelWorks-Logo-farbig_pfad_0-20-100-0.png\",\"width\":6503,\"height\":1090,\"caption\":\"Travelplus Group GmbH\"},\"image\":{\"@id\":\"https:\\\/\\\/www.travelworks.de\\\/blog\\\/#\\\/schema\\\/logo\\\/image\\\/\"},\"sameAs\":[\"https:\\\/\\\/de-de.facebook.com\\\/travelworks\"]},{\"@type\":\"Person\",\"@id\":\"https:\\\/\\\/www.travelworks.de\\\/blog\\\/#\\\/schema\\\/person\\\/cf9e0894e2cc83ed42a061d7a08afc6a\",\"name\":\"TravelWorks-Team\",\"description\":\"F\u00fcr das Team von TravelWorks hei\u00dft Reisen mehr als nur Tourist sein: Nicht auf der Oberfl\u00e4che schwimmen, sondern ins Geschehen eintauchen. Wir\u00a0sind\u00a0selber mehrere Jahre im Ausland gereist und geben unsere Erfahrungen gerne aus erster Hand an Euch weiter. Daher versorgen wir Euch hier mit spannenden Artikeln sowie\u00a0hilfreichen Informationen zur Vor- und Nachbereitung Eures Auslandsaufenthaltes und verhelfen Euch so\u00a0zu einem unvergesslichen Abenteuer.\",\"sameAs\":[\"https:\\\/\\\/travelworks.de\\\/blog\"],\"url\":\"https:\\\/\\\/www.travelworks.de\\\/blog\\\/author\\\/entdecker2013\"}]}<\/script>\n<!-- \/ Yoast SEO plugin. -->","yoast_head_json":{"title":"Franz\u00f6sisch Spickzettel - Entdecker Blog","description":"Spickzettel f\u00fcr die wichtigsten Ausdr\u00fccke und W\u00f6rter im Franz\u00f6sischen sowie die wichtigste Grammatik auf dem Franz\u00f6sisch Merkzettel im \u00dcberblick.","robots":{"index":"index","follow":"follow","max-snippet":"max-snippet:-1","max-image-preview":"max-image-preview:large","max-video-preview":"max-video-preview:-1"},"canonical":"https:\/\/www.travelworks.de\/blog\/franzoesisch-spickzettel.html","og_locale":"de_DE","og_type":"article","og_title":"Franz\u00f6sisch Spickzettel - Entdecker Blog","og_description":"Spickzettel f\u00fcr die wichtigsten Ausdr\u00fccke und W\u00f6rter im Franz\u00f6sischen sowie die wichtigste Grammatik auf dem Franz\u00f6sisch Merkzettel im \u00dcberblick.","og_url":"https:\/\/www.travelworks.de\/blog\/franzoesisch-spickzettel.html","og_site_name":"Entdecker Blog","article_publisher":"https:\/\/de-de.facebook.com\/travelworks","article_published_time":"2015-07-11T09:00:39+00:00","article_modified_time":"2025-09-05T14:29:37+00:00","og_image":[{"width":1500,"height":500,"url":"https:\/\/www.travelworks.de\/blog\/wp-content\/uploads\/2013\/07\/Header-spieckzettel-franz.jpg","type":"image\/jpeg"}],"author":"TravelWorks-Team","twitter_misc":{"Verfasst von":"TravelWorks-Team","Gesch\u00e4tzte Lesezeit":"9\u00a0Minuten"},"schema":{"@context":"https:\/\/schema.org","@graph":[{"@type":"Article","@id":"https:\/\/www.travelworks.de\/blog\/franzoesisch-spickzettel.html#article","isPartOf":{"@id":"https:\/\/www.travelworks.de\/blog\/franzoesisch-spickzettel.html"},"author":{"name":"TravelWorks-Team","@id":"https:\/\/www.travelworks.de\/blog\/#\/schema\/person\/cf9e0894e2cc83ed42a061d7a08afc6a"},"headline":"Franz\u00f6sisch Spickzettel","datePublished":"2015-07-11T09:00:39+00:00","dateModified":"2025-09-05T14:29:37+00:00","mainEntityOfPage":{"@id":"https:\/\/www.travelworks.de\/blog\/franzoesisch-spickzettel.html"},"wordCount":1683,"commentCount":12,"publisher":{"@id":"https:\/\/www.travelworks.de\/blog\/#organization"},"image":{"@id":"https:\/\/www.travelworks.de\/blog\/franzoesisch-spickzettel.html#primaryimage"},"thumbnailUrl":"https:\/\/www.travelworks.de\/blog\/wp-content\/uploads\/2013\/07\/Header-spieckzettel-franz.jpg","keywords":["Frankreich","Franz\u00f6sisch","Schule daheim","Spickzettel"],"articleSection":["Weltweit"],"inLanguage":"de","potentialAction":[{"@type":"CommentAction","name":"Comment","target":["https:\/\/www.travelworks.de\/blog\/franzoesisch-spickzettel.html#respond"]}]},{"@type":"WebPage","@id":"https:\/\/www.travelworks.de\/blog\/franzoesisch-spickzettel.html","url":"https:\/\/www.travelworks.de\/blog\/franzoesisch-spickzettel.html","name":"Franz\u00f6sisch Spickzettel - Entdecker Blog","isPartOf":{"@id":"https:\/\/www.travelworks.de\/blog\/#website"},"primaryImageOfPage":{"@id":"https:\/\/www.travelworks.de\/blog\/franzoesisch-spickzettel.html#primaryimage"},"image":{"@id":"https:\/\/www.travelworks.de\/blog\/franzoesisch-spickzettel.html#primaryimage"},"thumbnailUrl":"https:\/\/www.travelworks.de\/blog\/wp-content\/uploads\/2013\/07\/Header-spieckzettel-franz.jpg","datePublished":"2015-07-11T09:00:39+00:00","dateModified":"2025-09-05T14:29:37+00:00","description":"Spickzettel f\u00fcr die wichtigsten Ausdr\u00fccke und W\u00f6rter im Franz\u00f6sischen sowie die wichtigste Grammatik auf dem Franz\u00f6sisch Merkzettel im \u00dcberblick.","breadcrumb":{"@id":"https:\/\/www.travelworks.de\/blog\/franzoesisch-spickzettel.html#breadcrumb"},"inLanguage":"de","potentialAction":[{"@type":"ReadAction","target":["https:\/\/www.travelworks.de\/blog\/franzoesisch-spickzettel.html"]}]},{"@type":"ImageObject","inLanguage":"de","@id":"https:\/\/www.travelworks.de\/blog\/franzoesisch-spickzettel.html#primaryimage","url":"https:\/\/www.travelworks.de\/blog\/wp-content\/uploads\/2013\/07\/Header-spieckzettel-franz.jpg","contentUrl":"https:\/\/www.travelworks.de\/blog\/wp-content\/uploads\/2013\/07\/Header-spieckzettel-franz.jpg","width":1500,"height":500},{"@type":"BreadcrumbList","@id":"https:\/\/www.travelworks.de\/blog\/franzoesisch-spickzettel.html#breadcrumb","itemListElement":[{"@type":"ListItem","position":1,"name":"Start","item":"https:\/\/www.travelworks.de\/blog\/"},{"@type":"ListItem","position":2,"name":"Reiseziele","item":"https:\/\/www.travelworks.de\/blog\/reiseziele"},{"@type":"ListItem","position":3,"name":"Weltweit","item":"https:\/\/www.travelworks.de\/blog\/reiseziele\/reiseberichte-weltweit"},{"@type":"ListItem","position":4,"name":"Franz\u00f6sisch Spickzettel"}]},{"@type":"WebSite","@id":"https:\/\/www.travelworks.de\/blog\/#website","url":"https:\/\/www.travelworks.de\/blog\/","name":"Entdecker Blog","description":"by TravelWorks","publisher":{"@id":"https:\/\/www.travelworks.de\/blog\/#organization"},"potentialAction":[{"@type":"SearchAction","target":{"@type":"EntryPoint","urlTemplate":"https:\/\/www.travelworks.de\/blog\/?s={search_term_string}"},"query-input":{"@type":"PropertyValueSpecification","valueRequired":true,"valueName":"search_term_string"}}],"inLanguage":"de"},{"@type":"Organization","@id":"https:\/\/www.travelworks.de\/blog\/#organization","name":"Travelplus Group GmbH","url":"https:\/\/www.travelworks.de\/blog\/","logo":{"@type":"ImageObject","inLanguage":"de","@id":"https:\/\/www.travelworks.de\/blog\/#\/schema\/logo\/image\/","url":"https:\/\/www.travelworks.de\/blog\/wp-content\/uploads\/2023\/02\/TravelWorks-Logo-farbig_pfad_0-20-100-0.png","contentUrl":"https:\/\/www.travelworks.de\/blog\/wp-content\/uploads\/2023\/02\/TravelWorks-Logo-farbig_pfad_0-20-100-0.png","width":6503,"height":1090,"caption":"Travelplus Group GmbH"},"image":{"@id":"https:\/\/www.travelworks.de\/blog\/#\/schema\/logo\/image\/"},"sameAs":["https:\/\/de-de.facebook.com\/travelworks"]},{"@type":"Person","@id":"https:\/\/www.travelworks.de\/blog\/#\/schema\/person\/cf9e0894e2cc83ed42a061d7a08afc6a","name":"TravelWorks-Team","description":"F\u00fcr das Team von TravelWorks hei\u00dft Reisen mehr als nur Tourist sein: Nicht auf der Oberfl\u00e4che schwimmen, sondern ins Geschehen eintauchen. Wir\u00a0sind\u00a0selber mehrere Jahre im Ausland gereist und geben unsere Erfahrungen gerne aus erster Hand an Euch weiter. Daher versorgen wir Euch hier mit spannenden Artikeln sowie\u00a0hilfreichen Informationen zur Vor- und Nachbereitung Eures Auslandsaufenthaltes und verhelfen Euch so\u00a0zu einem unvergesslichen Abenteuer.","sameAs":["https:\/\/travelworks.de\/blog"],"url":"https:\/\/www.travelworks.de\/blog\/author\/entdecker2013"}]}},"_links":{"self":[{"href":"https:\/\/www.travelworks.de\/blog\/wp-json\/wp\/v2\/posts\/7167","targetHints":{"allow":["GET"]}}],"collection":[{"href":"https:\/\/www.travelworks.de\/blog\/wp-json\/wp\/v2\/posts"}],"about":[{"href":"https:\/\/www.travelworks.de\/blog\/wp-json\/wp\/v2\/types\/post"}],"author":[{"embeddable":true,"href":"https:\/\/www.travelworks.de\/blog\/wp-json\/wp\/v2\/users\/1"}],"replies":[{"embeddable":true,"href":"https:\/\/www.travelworks.de\/blog\/wp-json\/wp\/v2\/comments?post=7167"}],"version-history":[{"count":11,"href":"https:\/\/www.travelworks.de\/blog\/wp-json\/wp\/v2\/posts\/7167\/revisions"}],"predecessor-version":[{"id":14465,"href":"https:\/\/www.travelworks.de\/blog\/wp-json\/wp\/v2\/posts\/7167\/revisions\/14465"}],"wp:featuredmedia":[{"embeddable":true,"href":"https:\/\/www.travelworks.de\/blog\/wp-json\/wp\/v2\/media\/7191"}],"wp:attachment":[{"href":"https:\/\/www.travelworks.de\/blog\/wp-json\/wp\/v2\/media?parent=7167"}],"wp:term":[{"taxonomy":"category","embeddable":true,"href":"https:\/\/www.travelworks.de\/blog\/wp-json\/wp\/v2\/categories?post=7167"},{"taxonomy":"post_tag","embeddable":true,"href":"https:\/\/www.travelworks.de\/blog\/wp-json\/wp\/v2\/tags?post=7167"}],"curies":[{"name":"wp","href":"https:\/\/api.w.org\/{rel}","templated":true}]}}